{"id":29586,"date":"2021-09-09T10:40:37","date_gmt":"2021-09-09T08:40:37","guid":{"rendered":"https:\/\/www.elvendrellturistic.com\/es-presenta-el-nou-portal-web-de-turisme-del-vendrell\/"},"modified":"2021-09-09T10:40:37","modified_gmt":"2021-09-09T08:40:37","slug":"es-presenta-el-nou-portal-web-de-turisme-del-vendrell","status":"publish","type":"post","link":"https:\/\/www.elvendrellturisme.com\/de\/es-presenta-el-nou-portal-web-de-turisme-del-vendrell\/","title":{"rendered":"Es presenta el nou portal web de Turisme del Vendrell"},"content":{"rendered":"\n<p>Avui al mat\u00ed, a l\u2019Oficina de Turisme de Coma-ruga, ha tingut lloc la presentaci\u00f3 del nou portal web <a href=\"https:\/\/www.elvendrellturisme.com\/\">www.elvendrellturistic.com<\/a> que ha anat a c\u00e0rrec de la regidora de Turisme, B\u00e0rbara Peris, i dels responsables de l\u2019empresa DeMomentSomTres, Marc Queralt i Anna Mata, que han estat els encarregats de la seva realitzaci\u00f3.<br\/>Es tracta d\u2019un web molt visual i intu\u00eftiu que reposiciona el Vendrell en el m\u00f3n d\u2019Internet. I \u00e9s un aparador dels diferents recursos tur\u00edstics en un mateix lloc que facilita la connexi\u00f3 de l\u2019usuari m\u00e9s enll\u00e0 de la primera visita.<br\/>Els punts forts d\u2019aquest nou portal s\u00f3n la geolocalitzaci\u00f3 dels recursos tur\u00edstics i les activitats, l\u2019accessibilitat perqu\u00e8 la informaci\u00f3 arribi a tothom, que s\u2019adapta a multidispositius, i una agenda que permet veure els diferents esdeveniments programats i fer una inscripci\u00f3 amb facilitat. A m\u00e9s, el contingut est\u00e0 disponible en cinc idiomes (catal\u00e0, castell\u00e0, angl\u00e8s, franc\u00e8s i alemany).<br\/>La regidora de Turisme ha volgut destacar que \u201cno nom\u00e9s es tracta d\u2019un web orientat al turista, sin\u00f2 que est\u00e0 pensat per a qualsevol tipus de p\u00fablic, inclosos els residents, amb l\u2019objectiu que tothom pugui con\u00e8ixer els nostres recursos tur\u00edstics i les activitats que s\u2019hi realitzen i alhora ser prescriptor per promocionar els atractius del nostre municipi\u201d.<\/p>\n","protected":false},"excerpt":{"rendered":"<p>Avui al mat\u00ed, a l\u2019Oficina de Turisme de Coma-ruga, ha tingut lloc la presentaci\u00f3 del nou portal web www.elvendrellturistic.com que ha anat a c\u00e0rrec de la regidora de Turisme, B\u00e0rbara Peris, i dels responsables de l\u2019empresa DeMomentSomTres, Marc Queralt i Anna Mata, que han estat els encarregats de la seva realitzaci\u00f3.Es tracta d\u2019un web molt [&hellip;]<\/p>\n","protected":false},"author":3,"featured_media":26025,"comment_status":"open","ping_status":"closed","sticky":false,"template":"","format":"standard","meta":{"_acf_changed":false,"_et_pb_use_builder":"","_et_pb_old_content":"","_et_gb_content_width":"","content-type":"","footnotes":""},"categories":[136],"tags":[],"dipi_cpt_category":[],"class_list":["post-29586","post","type-post","status-publish","format-standard","has-post-thumbnail","hentry","category-noticies-de"],"acf":[],"_links":{"self":[{"href":"https:\/\/www.elvendrellturisme.com\/de\/wp-json\/wp\/v2\/posts\/29586","targetHints":{"allow":["GET"]}}],"collection":[{"href":"https:\/\/www.elvendrellturisme.com\/de\/wp-json\/wp\/v2\/posts"}],"about":[{"href":"https:\/\/www.elvendrellturisme.com\/de\/wp-json\/wp\/v2\/types\/post"}],"author":[{"embeddable":true,"href":"https:\/\/www.elvendrellturisme.com\/de\/wp-json\/wp\/v2\/users\/3"}],"replies":[{"embeddable":true,"href":"https:\/\/www.elvendrellturisme.com\/de\/wp-json\/wp\/v2\/comments?post=29586"}],"version-history":[{"count":1,"href":"https:\/\/www.elvendrellturisme.com\/de\/wp-json\/wp\/v2\/posts\/29586\/revisions"}],"predecessor-version":[{"id":29587,"href":"https:\/\/www.elvendrellturisme.com\/de\/wp-json\/wp\/v2\/posts\/29586\/revisions\/29587"}],"wp:featuredmedia":[{"embeddable":true,"href":"https:\/\/www.elvendrellturisme.com\/de\/wp-json\/wp\/v2\/media\/26025"}],"wp:attachment":[{"href":"https:\/\/www.elvendrellturisme.com\/de\/wp-json\/wp\/v2\/media?parent=29586"}],"wp:term":[{"taxonomy":"category","embeddable":true,"href":"https:\/\/www.elvendrellturisme.com\/de\/wp-json\/wp\/v2\/categories?post=29586"},{"taxonomy":"post_tag","embeddable":true,"href":"https:\/\/www.elvendrellturisme.com\/de\/wp-json\/wp\/v2\/tags?post=29586"},{"taxonomy":"dipi_cpt_category","embeddable":true,"href":"https:\/\/www.elvendrellturisme.com\/de\/wp-json\/wp\/v2\/dipi_cpt_category?post=29586"}],"curies":[{"name":"wp","href":"https:\/\/api.w.org\/{rel}","templated":true}]}}