{"id":40142,"date":"2023-02-24T12:34:02","date_gmt":"2023-02-24T10:34:02","guid":{"rendered":"https:\/\/www.elvendrellturistic.com\/?p=40142"},"modified":"2023-02-24T15:00:55","modified_gmt":"2023-02-24T13:00:55","slug":"el-4-i-5-de-marc-arriba-una-nova-edicio-de-la-xatonada-en-un-cap-de-setmana-ple-dactivitats-i-sorpreses","status":"publish","type":"post","link":"https:\/\/www.elvendrellturisme.com\/de\/el-4-i-5-de-marc-arriba-una-nova-edicio-de-la-xatonada-en-un-cap-de-setmana-ple-dactivitats-i-sorpreses\/","title":{"rendered":"El 4 i 5 de mar\u00e7 arriba una nova edici\u00f3 de la Xatonada en un cap de setmana ple d\u2019activitats i sorpreses"},"content":{"rendered":"\n<p>El Vendrell ja escalfa motors de cara a la propera Xatonada popular. Aquest passat dimarts es van iniciar ja els cursets infantils \u201cApr\u00e8n a fer Xat\u00f3\u201d i aquest mat\u00ed, a l\u2019Ajuntament del Vendrell, s\u2019han presentat els actes que conformaran la Xatonada Popular del Vendrell 2023.<\/p>\n\n\n\n<p>Enguany la festa gastron\u00f2mica arriba amb un nou format. Aix\u00ed, el 4 i 5 de mar\u00e7 el Vendrell viur\u00e0 un cap de setmana ple d\u2019activitats per a totes les edats al voltant del xat\u00f3.<\/p>\n\n\n\n<p>Pel dissabte 4 de mar\u00e7 el programa d\u2019actes inclou el Xat\u00f3 Experience: a la Rambla es podran tastar els productes del territori relacionats amb la salsa de xat\u00f3 de la m\u00e0 de productors i restauradors locals.<\/p>\n\n\n\n<p>Tamb\u00e9 s\u2019organitzaran diversos tallers i din\u00e0miques de p\u00fablic infantil i familiar sobre temes com el malbaratament dels animals, la cer\u00e0mica blava catalana o la permacultura oriental, aix\u00ed com activitats relacionades amb el xat\u00f3 a tres equipaments culturals: el Museu Deu, el Museu \u00c0ngel Guimer\u00e0 i la Biblioteca P\u00fablica Terra Baixa.<\/p>\n\n\n\n<p>El dissabte tamb\u00e9 s\u2019instal\u00b7lar\u00e0 a la Rambla un espai solidari de Protecci\u00f3 Animal amb recollida solid\u00e0ria d&#8217;aliments, la pres\u00e8ncia de diferents associacions d\u2019animals, una passarel\u00b7la adoptiva, sortejos i un cicle de xerrades.<\/p>\n\n\n\n<p>Altres propostes l\u00fadiques del dissabte seran la VermuTOnada, un vermut musical a l\u2019escenari de la Rambla, una actuaci\u00f3 de ball de l\u2019escola de flamenc Paca Garc\u00eda que es far\u00e0 amb fins solidaris pels animals o ja a la nit, una actuaci\u00f3 de la banda \u201cAquellos Cantos Locos\u201d, tribut a El Canto del Loco.<\/p>\n\n\n\n<p>D\u2019altra banda, durant tot el dissabte, Comer\u00e7 del Vendrell se sumar\u00e0 a la festa de la Xatonada organitzant el XatOutlet, una rematada final de les rebaixes. Aix\u00ed, les botigues dels carrers de la zona de vianants trauran els seus estocs de temporada a les portes dels seus establiments i les que no estan ubicades en aquest espai s\u2019instal\u00b7laran a la Rambla.<br><br>El diumenge 5 de mar\u00e7 ser\u00e0 el plat fort de la Xatonada 2023 amb els actes tradicionals com el 37\u00e8 Concurs de Mestres Xatonaires, la 36a Exhibici\u00f3 de Xatonaires infantils i la 26a Fira de Productes Naturals i Artesanals. Tamb\u00e9 durant el mat\u00ed es far\u00e0 la investidura de Sergi Rovira com a Mestre Xatonaire, guanyador de l\u2019edici\u00f3 2020 del Concurs.<\/p>\n\n\n\n<p>En relaci\u00f3 al jurat del concurs d\u2019enguany s\u2019ha avan\u00e7at que aquest comptar\u00e0, entre altres personalitats i convidats, amb reconeguts professionals de la restauraci\u00f3 com ara el xef Oriol Balaguer, ambaixador de la Ruta del Xat\u00f3 o Arnau Par\u00eds, cuiner del Cuines de TV3 i guanyador del concurs televisiu MasterChef 9.<\/p>\n\n\n\n<p>Ser\u00e0 a partir de les 11h quan es posaran a la venda els tiquets per comprar el xat\u00f3, a un preu de 7\u20ac. Enguany se n\u2019oferir\u00e0 de tres restauradors diferents per a que el p\u00fablic pugui escollir. Tamb\u00e9 hi haur\u00e0 l\u2019opci\u00f3 de xat\u00f3 sense gluten.&nbsp;&nbsp;<\/p>\n\n\n\n<p>La DO Pened\u00e8s col\u00b7labora aportant 1.500 racions de vi sense cost per a l&#8217;organitzaci\u00f3 de la Xatonada Popular, amb la participaci\u00f3 dels cellers seg\u00fcents: CELLER AVGVSTVS FORVM, MAS COMTAL, NADAL, BOLET, JAN\u00c9 VENTURA i ALSINA &amp; SARD\u00c0 aportant vi negre, rosat i negre en una clara aposta conjunta per a la difusi\u00f3 i la promoci\u00f3 del territori penedesenc.<\/p>\n\n\n\n<p>Tamb\u00e9 durant la jornada de diumenge el p\u00fablic podr\u00e0 gaudir de l\u2019Espai Solidari de Protecci\u00f3 Animal, d\u2019una ludoteca per als m\u00e9s petits, del joc gegant de l\u2019oca de la Ruta del Xat\u00f3 o d\u2019un Scape room expr\u00e9s, entre d\u2019altres.<\/p>\n\n\n\n<p>La cloenda de la jornada festiva la posar\u00e0 l\u2019actuaci\u00f3 musical del cantant mexic\u00e0 Coyote Dax. Aquest presentar\u00e0 el seu \u00faltim single acompanyat del seu equip de ballarines aix\u00ed com de l\u2019escola de ball M\u00edriam Buitrago.<\/p>\n\n\n\n<p><\/p>\n\n\n\n<p><a href=\"https:\/\/www.elvendrell.net\/images\/stories\/Xatonada_2023\/TR%C3%8DPTIC_XATONADA_2023.pdf\" target=\"_blank\" rel=\"noopener\">https:\/\/www.elvendrell.net\/images\/stories\/Xatonada_2023\/TR%C3%8DPTIC_XATONADA_2023.pdf<\/a><\/p>\n","protected":false},"excerpt":{"rendered":"<p>El Vendrell ja escalfa motors de cara a la propera Xatonada popular. Aquest passat dimarts es van iniciar ja els cursets infantils \u201cApr\u00e8n a fer Xat\u00f3\u201d i aquest mat\u00ed, a l\u2019Ajuntament del Vendrell, s\u2019han presentat els actes que conformaran la Xatonada Popular del Vendrell 2023. Enguany la festa gastron\u00f2mica arriba amb un nou format. Aix\u00ed, [&hellip;]<\/p>\n","protected":false},"author":3,"featured_media":40143,"comment_status":"closed","ping_status":"closed","sticky":false,"template":"","format":"standard","meta":{"_acf_changed":false,"_et_pb_use_builder":"","_et_pb_old_content":"","_et_gb_content_width":"","content-type":"","footnotes":""},"categories":[136],"tags":[],"dipi_cpt_category":[],"class_list":["post-40142","post","type-post","status-publish","format-standard","has-post-thumbnail","hentry","category-noticies-de"],"acf":[],"_links":{"self":[{"href":"https:\/\/www.elvendrellturisme.com\/de\/wp-json\/wp\/v2\/posts\/40142","targetHints":{"allow":["GET"]}}],"collection":[{"href":"https:\/\/www.elvendrellturisme.com\/de\/wp-json\/wp\/v2\/posts"}],"about":[{"href":"https:\/\/www.elvendrellturisme.com\/de\/wp-json\/wp\/v2\/types\/post"}],"author":[{"embeddable":true,"href":"https:\/\/www.elvendrellturisme.com\/de\/wp-json\/wp\/v2\/users\/3"}],"replies":[{"embeddable":true,"href":"https:\/\/www.elvendrellturisme.com\/de\/wp-json\/wp\/v2\/comments?post=40142"}],"version-history":[{"count":1,"href":"https:\/\/www.elvendrellturisme.com\/de\/wp-json\/wp\/v2\/posts\/40142\/revisions"}],"predecessor-version":[{"id":40148,"href":"https:\/\/www.elvendrellturisme.com\/de\/wp-json\/wp\/v2\/posts\/40142\/revisions\/40148"}],"wp:featuredmedia":[{"embeddable":true,"href":"https:\/\/www.elvendrellturisme.com\/de\/wp-json\/wp\/v2\/media\/40143"}],"wp:attachment":[{"href":"https:\/\/www.elvendrellturisme.com\/de\/wp-json\/wp\/v2\/media?parent=40142"}],"wp:term":[{"taxonomy":"category","embeddable":true,"href":"https:\/\/www.elvendrellturisme.com\/de\/wp-json\/wp\/v2\/categories?post=40142"},{"taxonomy":"post_tag","embeddable":true,"href":"https:\/\/www.elvendrellturisme.com\/de\/wp-json\/wp\/v2\/tags?post=40142"},{"taxonomy":"dipi_cpt_category","embeddable":true,"href":"https:\/\/www.elvendrellturisme.com\/de\/wp-json\/wp\/v2\/dipi_cpt_category?post=40142"}],"curies":[{"name":"wp","href":"https:\/\/api.w.org\/{rel}","templated":true}]}}