{"id":24216,"date":"2008-07-16T19:44:31","date_gmt":"2008-07-16T19:44:31","guid":{"rendered":"http:\/\/tv.dms3labs.cat\/el-vendrell-incorpora-un-bosque-de-aventura-a-su-oferta-de-actividades\/"},"modified":"2008-07-16T19:44:31","modified_gmt":"2008-07-16T19:44:31","slug":"el-vendrell-incorpora-un-bosque-de-aventura-a-su-oferta-de-actividades","status":"publish","type":"post","link":"https:\/\/www.elvendrellturisme.com\/es\/el-vendrell-incorpora-un-bosque-de-aventura-a-su-oferta-de-actividades\/","title":{"rendered":"El Vendrell incorpora un Bosque de Aventura a su oferta de actividades"},"content":{"rendered":"<p>La concejala de Turismo, \u00c0ngels Turdiu, y el director general de la Fundaci\u00f3 Santa Teresa, Jos\u00e9 Carlos Eiriz, presentaron ayer la nueva actividad infantil del Bosque de Aventura, que entrar\u00e1 en funcionamiento este domingo en los jardines del Albergue de Santa Maria del Mar de Coma-ruga, al lado de la playa.<\/p>\n<p>La propuesta nace de la voluntad de la Fundaci\u00f3 Santa Teresa de impulsar proyectos de inserci\u00f3n laboral de personas con dificultades de acceso al mercado de trabajo. Cabe recordar, por ejemplo, que hace ya tres a\u00f1os la Fundaci\u00f3 puso en marcha la Escola de Turisme, en el mismo recinto del Albergue. La iniciativa del Bosque de Aventura pasa por dinamizar el \u00e1rea l\u00fadica y deportiva del Albergue, con un espacio donde los ni\u00f1os podr\u00e1n disfrutar de diversas actividades entre los \u00e1rboles, como tirolinas, puentes colgantes, lianas, redes o columpios, entre otros.<\/p>\n<p>La concejala de Turismo, \u00c0ngels Turdiu, destac\u00f3 el hecho de que el proyecto del Bosque de Aventura \u201cpermita unir la inserci\u00f3n de personas con dificultades para acceder a un puesto de trabajo con la creaci\u00f3n de una nueva actividad que se a\u00f1ade a la amplia oferta l\u00fadica del Vendrell\u201d.<\/p>\n<p>Est\u00e1 previsto que el pr\u00f3ximo domingo se abra el circuito infantil del Bosque de Aventura, pensado para ni\u00f1os y ni\u00f1as de 4 a 7 a\u00f1os. Estos deber\u00e1n ir acompa\u00f1ados de los padres, aunque la actividad contar\u00e1 tambi\u00e9n con dos monitores que dar\u00e1n las explicaciones y el material necesario para que los m\u00e1s peque\u00f1os puedan disfrutar de la actividad sin peligro. El horario de funcionamiento del parque ser\u00e1 de 10h a 20:30h y estar\u00e1 abierto hasta el mes de septiembre. El precio de la sesi\u00f3n ser\u00e1 de 6 \u20ac.<\/p>\n<p>El Bosque de Aventura infantil forma parte de un proyecto m\u00e1s amplio que, seg\u00fan los responsables de la Fundaci\u00f3 Santa Teresa, se continuar\u00e1 poniendo en marcha pr\u00f3ximamente con la apertura de circuitos para j\u00f3venes y adultos en el resto de jardines del Albergue.<\/p>\n","protected":false},"excerpt":{"rendered":"<p>La concejala de Turismo, \u00c0ngels Turdiu, y el director general de la Fundaci\u00f3 Santa Teresa, Jos\u00e9 Carlos Eiriz, presentaron ayer la nueva actividad infantil del Bosque de Aventura, que entrar\u00e1 en funcionamiento este domingo en los jardines del Albergue de Santa Maria del Mar de Coma-ruga, al lado de la playa. La propuesta nace de [&hellip;]<\/p>\n","protected":false},"author":1,"featured_media":21977,"comment_status":"open","ping_status":"closed","sticky":false,"template":"","format":"standard","meta":{"_acf_changed":false,"_et_pb_use_builder":"","_et_pb_old_content":"","_et_gb_content_width":"","content-type":"","footnotes":""},"categories":[12],"tags":[],"dipi_cpt_category":[],"class_list":["post-24216","post","type-post","status-publish","format-standard","has-post-thumbnail","hentry","category-sin-categoria"],"acf":[],"_links":{"self":[{"href":"https:\/\/www.elvendrellturisme.com\/es\/wp-json\/wp\/v2\/posts\/24216","targetHints":{"allow":["GET"]}}],"collection":[{"href":"https:\/\/www.elvendrellturisme.com\/es\/wp-json\/wp\/v2\/posts"}],"about":[{"href":"https:\/\/www.elvendrellturisme.com\/es\/wp-json\/wp\/v2\/types\/post"}],"author":[{"embeddable":true,"href":"https:\/\/www.elvendrellturisme.com\/es\/wp-json\/wp\/v2\/users\/1"}],"replies":[{"embeddable":true,"href":"https:\/\/www.elvendrellturisme.com\/es\/wp-json\/wp\/v2\/comments?post=24216"}],"version-history":[{"count":0,"href":"https:\/\/www.elvendrellturisme.com\/es\/wp-json\/wp\/v2\/posts\/24216\/revisions"}],"wp:featuredmedia":[{"embeddable":true,"href":"https:\/\/www.elvendrellturisme.com\/es\/wp-json\/wp\/v2\/media\/21977"}],"wp:attachment":[{"href":"https:\/\/www.elvendrellturisme.com\/es\/wp-json\/wp\/v2\/media?parent=24216"}],"wp:term":[{"taxonomy":"category","embeddable":true,"href":"https:\/\/www.elvendrellturisme.com\/es\/wp-json\/wp\/v2\/categories?post=24216"},{"taxonomy":"post_tag","embeddable":true,"href":"https:\/\/www.elvendrellturisme.com\/es\/wp-json\/wp\/v2\/tags?post=24216"},{"taxonomy":"dipi_cpt_category","embeddable":true,"href":"https:\/\/www.elvendrellturisme.com\/es\/wp-json\/wp\/v2\/dipi_cpt_category?post=24216"}],"curies":[{"name":"wp","href":"https:\/\/api.w.org\/{rel}","templated":true}]}}