{"id":24222,"date":"2013-01-11T13:13:28","date_gmt":"2013-01-11T13:13:28","guid":{"rendered":"http:\/\/tv.dms3labs.cat\/la-xatonada-popular-el-1-de-febrero-2\/"},"modified":"2013-01-11T13:13:28","modified_gmt":"2013-01-11T13:13:28","slug":"la-xatonada-popular-el-1-de-febrero-2","status":"publish","type":"post","link":"https:\/\/www.elvendrellturisme.com\/es\/la-xatonada-popular-el-1-de-febrero-2\/","title":{"rendered":"La Xatonada popular, el 1 de febrero"},"content":{"rendered":"<p>Cada primer domingo de febrero en la Rambla del Vendrell se celebra la fiesta gastron\u00f3mica de la Xatonada Popular con el Concurso de Maestros Xatonaires, la Exhibici\u00f3n de Xatonaires Infantiles y el reparto de unas de 2.000 raciones de xat\u00f3.<\/p>\n<p>Por otro lado, tambi\u00e9n hay espect\u00e1culos de animaci\u00f3n, estands relacionados con el mundo del xat\u00f3, la Feria de productos alimentarios naturales y artesanales, degustaciones de caf\u00e9 y el Encuentro de placas de cava.<\/p>\n<p>Para mantener la tradici\u00f3n de este plato, durante la semana anterior se realizan cursillos infantiles y para adultos impartidos por profesores de la Asociaci\u00f3n Gastron\u00f3mica de la Universidad del Xat\u00f3 de Catalu\u00f1a.<\/p>\n","protected":false},"excerpt":{"rendered":"<p>Cada primer domingo de febrero en la Rambla del Vendrell se celebra la fiesta gastron\u00f3mica de la Xatonada Popular con el Concurso de Maestros Xatonaires, la Exhibici\u00f3n de Xatonaires Infantiles y el reparto de unas de 2.000 raciones de xat\u00f3. Por otro lado, tambi\u00e9n hay espect\u00e1culos de animaci\u00f3n, estands relacionados con el mundo del xat\u00f3, [&hellip;]<\/p>\n","protected":false},"author":1,"featured_media":21993,"comment_status":"open","ping_status":"closed","sticky":false,"template":"","format":"standard","meta":{"_acf_changed":false,"_et_pb_use_builder":"","_et_pb_old_content":"","_et_gb_content_width":"","content-type":"","footnotes":""},"categories":[],"tags":[],"dipi_cpt_category":[],"class_list":["post-24222","post","type-post","status-publish","format-standard","has-post-thumbnail","hentry"],"acf":[],"_links":{"self":[{"href":"https:\/\/www.elvendrellturisme.com\/es\/wp-json\/wp\/v2\/posts\/24222","targetHints":{"allow":["GET"]}}],"collection":[{"href":"https:\/\/www.elvendrellturisme.com\/es\/wp-json\/wp\/v2\/posts"}],"about":[{"href":"https:\/\/www.elvendrellturisme.com\/es\/wp-json\/wp\/v2\/types\/post"}],"author":[{"embeddable":true,"href":"https:\/\/www.elvendrellturisme.com\/es\/wp-json\/wp\/v2\/users\/1"}],"replies":[{"embeddable":true,"href":"https:\/\/www.elvendrellturisme.com\/es\/wp-json\/wp\/v2\/comments?post=24222"}],"version-history":[{"count":0,"href":"https:\/\/www.elvendrellturisme.com\/es\/wp-json\/wp\/v2\/posts\/24222\/revisions"}],"wp:featuredmedia":[{"embeddable":true,"href":"https:\/\/www.elvendrellturisme.com\/es\/wp-json\/wp\/v2\/media\/21993"}],"wp:attachment":[{"href":"https:\/\/www.elvendrellturisme.com\/es\/wp-json\/wp\/v2\/media?parent=24222"}],"wp:term":[{"taxonomy":"category","embeddable":true,"href":"https:\/\/www.elvendrellturisme.com\/es\/wp-json\/wp\/v2\/categories?post=24222"},{"taxonomy":"post_tag","embeddable":true,"href":"https:\/\/www.elvendrellturisme.com\/es\/wp-json\/wp\/v2\/tags?post=24222"},{"taxonomy":"dipi_cpt_category","embeddable":true,"href":"https:\/\/www.elvendrellturisme.com\/es\/wp-json\/wp\/v2\/dipi_cpt_category?post=24222"}],"curies":[{"name":"wp","href":"https:\/\/api.w.org\/{rel}","templated":true}]}}