{"id":24240,"date":"2009-06-18T11:18:46","date_gmt":"2009-06-18T11:18:46","guid":{"rendered":"http:\/\/tv.dms3labs.cat\/verbena-de-san-juan-en-vendrell\/"},"modified":"2009-06-18T11:18:46","modified_gmt":"2009-06-18T11:18:46","slug":"verbena-de-san-juan-en-vendrell","status":"publish","type":"post","link":"https:\/\/www.elvendrellturisme.com\/es\/verbena-de-san-juan-en-vendrell\/","title":{"rendered":"Verbena de San Juan en Vendrell"},"content":{"rendered":"<p>Para la Verbena de San Juan, la Comisi\u00f3n de Fiestas del Ayuntamiento del Vendrell tiene preparados los actos siguientes que se llevar\u00e1n a cabo, como cada a\u00f1o, en Coma-ruga:<\/p>\n<p>&#8211; A las 12 de la noche, en el puerto de Coma-ruga,<br \/>\nCASTILLO DE FUEGOS, a cargo de la Pirotecnia Igual<\/p>\n<p>&#8211; A continuaci\u00f3n, en el Parque Tabaris de Coma-ruga,<br \/>\nBAILE con la ORQUESTA ROSALEDA<\/p>\n<p>&#8211; A 12&#8217;30 h de la madrugada, en la playa de Coma-ruga (al lado del pantal\u00e1n),<br \/>\nCONCIERTO con LLUEVE COMO NUNCA, FORMULA REVOLUTION y LA BANDA DEL COCHE ROJO<\/p>\n<p>Habr\u00e1 servicio de autobuses con los siguientes horarios:<\/p>\n<p>&#8211; Desde la Estaci\u00f3n de Autobuses del Vendrell hasta la plaza de Germans Trillas de Coma-ruga: a las 11 de la noche, a las 12 de la noche y a la 1 de la madrugada.<\/p>\n<p>&#8211; Desde la plaza de Germans Trillas de Coma-ruga hasta la Estaci\u00f3n de Autobuses del Vendrell: a las 4 de la madrugada, a las 5 de la madrugada y a las 6 de la madrugada.<\/p>\n","protected":false},"excerpt":{"rendered":"<p>Para la Verbena de San Juan, la Comisi\u00f3n de Fiestas del Ayuntamiento del Vendrell tiene preparados los actos siguientes que se llevar\u00e1n a cabo, como cada a\u00f1o, en Coma-ruga: &#8211; A las 12 de la noche, en el puerto de Coma-ruga, CASTILLO DE FUEGOS, a cargo de la Pirotecnia Igual &#8211; A continuaci\u00f3n, en el [&hellip;]<\/p>\n","protected":false},"author":1,"featured_media":22030,"comment_status":"open","ping_status":"closed","sticky":false,"template":"","format":"standard","meta":{"_acf_changed":false,"_et_pb_use_builder":"","_et_pb_old_content":"","_et_gb_content_width":"","content-type":"","footnotes":""},"categories":[12],"tags":[],"dipi_cpt_category":[],"class_list":["post-24240","post","type-post","status-publish","format-standard","has-post-thumbnail","hentry","category-sin-categoria"],"acf":[],"_links":{"self":[{"href":"https:\/\/www.elvendrellturisme.com\/es\/wp-json\/wp\/v2\/posts\/24240","targetHints":{"allow":["GET"]}}],"collection":[{"href":"https:\/\/www.elvendrellturisme.com\/es\/wp-json\/wp\/v2\/posts"}],"about":[{"href":"https:\/\/www.elvendrellturisme.com\/es\/wp-json\/wp\/v2\/types\/post"}],"author":[{"embeddable":true,"href":"https:\/\/www.elvendrellturisme.com\/es\/wp-json\/wp\/v2\/users\/1"}],"replies":[{"embeddable":true,"href":"https:\/\/www.elvendrellturisme.com\/es\/wp-json\/wp\/v2\/comments?post=24240"}],"version-history":[{"count":0,"href":"https:\/\/www.elvendrellturisme.com\/es\/wp-json\/wp\/v2\/posts\/24240\/revisions"}],"wp:featuredmedia":[{"embeddable":true,"href":"https:\/\/www.elvendrellturisme.com\/es\/wp-json\/wp\/v2\/media\/22030"}],"wp:attachment":[{"href":"https:\/\/www.elvendrellturisme.com\/es\/wp-json\/wp\/v2\/media?parent=24240"}],"wp:term":[{"taxonomy":"category","embeddable":true,"href":"https:\/\/www.elvendrellturisme.com\/es\/wp-json\/wp\/v2\/categories?post=24240"},{"taxonomy":"post_tag","embeddable":true,"href":"https:\/\/www.elvendrellturisme.com\/es\/wp-json\/wp\/v2\/tags?post=24240"},{"taxonomy":"dipi_cpt_category","embeddable":true,"href":"https:\/\/www.elvendrellturisme.com\/es\/wp-json\/wp\/v2\/dipi_cpt_category?post=24240"}],"curies":[{"name":"wp","href":"https:\/\/api.w.org\/{rel}","templated":true}]}}