{"id":24245,"date":"2009-07-08T11:02:33","date_gmt":"2009-07-08T11:02:33","guid":{"rendered":"http:\/\/tv.dms3labs.cat\/hacer-salud-en-la-playa\/"},"modified":"2009-07-08T11:02:33","modified_gmt":"2009-07-08T11:02:33","slug":"hacer-salud-en-la-playa","status":"publish","type":"post","link":"https:\/\/www.elvendrellturisme.com\/es\/hacer-salud-en-la-playa\/","title":{"rendered":"Hacer salud en la playa"},"content":{"rendered":"<p>El pr\u00f3ximo jueves 16 de julio, en los barrios mar\u00edtimos del Vendrell, las concejal\u00edas de Juventud y de Servicios Sociales organizan la festividad &quot;Hacer Salud en la Playa&quot;, los objetivos principales de la cual son:<\/p>\n<p>&#8211; Habilitar v\u00edas de colaboraci\u00f3n y coordinaci\u00f3n entre los diferentes agentes que trabajan con y para los j\u00f3venes del municipio.<\/p>\n<p>&#8211; Difundir el servicio de asesoramiento del Punto Joven de Salud a nuestra poblaci\u00f3n, mediante esta publicidad tem\u00e1tica.<\/p>\n<p>&#8211; Reflexionar con el colectivo de j\u00f3venes sobre los h\u00e1bitos alimenticios en verano.<\/p>\n<p>&#8211; Crear nuevas actitudes y h\u00e1bitos a las dietas cotidianas de la poblaci\u00f3n joven.<\/p>\n<p>&#8211; Realizar un acercamiento din\u00e1mico de intervenci\u00f3n a nuestra poblaci\u00f3n, para mejorar el bienestar personal.<\/p>\n<p>La jornada empezar\u00e1 a las 5 de la tarde, al lado del Riuet de Coma-ruga, con diversas actividades para dar a conocer el Punto Joven de Salud: se repartir\u00e1 fruta como alimento saludable para ir a la playa y se aconsejar\u00e1 el nivel de protecci\u00f3n solar necesaria para cada tipo de piel con un medidor de exposici\u00f3n solar. M\u00e1s tarde, se montar\u00e1 una barra saludable para dar a conocer diferentes tipos de bebidas sin alcohol y se har\u00e1n combinados con zumos de frutas. Tambi\u00e9n se dar\u00e1 informaci\u00f3n necesaria sobre la importancia del consumo diario de fruta para nuestra salud.<\/p>\n","protected":false},"excerpt":{"rendered":"<p>El pr\u00f3ximo jueves 16 de julio, en los barrios mar\u00edtimos del Vendrell, las concejal\u00edas de Juventud y de Servicios Sociales organizan la festividad &quot;Hacer Salud en la Playa&quot;, los objetivos principales de la cual son: &#8211; Habilitar v\u00edas de colaboraci\u00f3n y coordinaci\u00f3n entre los diferentes agentes que trabajan con y para los j\u00f3venes del municipio. [&hellip;]<\/p>\n","protected":false},"author":1,"featured_media":26025,"comment_status":"open","ping_status":"closed","sticky":false,"template":"","format":"standard","meta":{"_acf_changed":false,"_et_pb_use_builder":"","_et_pb_old_content":"","_et_gb_content_width":"","content-type":"","footnotes":""},"categories":[12],"tags":[],"dipi_cpt_category":[],"class_list":["post-24245","post","type-post","status-publish","format-standard","has-post-thumbnail","hentry","category-sin-categoria"],"acf":[],"_links":{"self":[{"href":"https:\/\/www.elvendrellturisme.com\/es\/wp-json\/wp\/v2\/posts\/24245","targetHints":{"allow":["GET"]}}],"collection":[{"href":"https:\/\/www.elvendrellturisme.com\/es\/wp-json\/wp\/v2\/posts"}],"about":[{"href":"https:\/\/www.elvendrellturisme.com\/es\/wp-json\/wp\/v2\/types\/post"}],"author":[{"embeddable":true,"href":"https:\/\/www.elvendrellturisme.com\/es\/wp-json\/wp\/v2\/users\/1"}],"replies":[{"embeddable":true,"href":"https:\/\/www.elvendrellturisme.com\/es\/wp-json\/wp\/v2\/comments?post=24245"}],"version-history":[{"count":0,"href":"https:\/\/www.elvendrellturisme.com\/es\/wp-json\/wp\/v2\/posts\/24245\/revisions"}],"wp:featuredmedia":[{"embeddable":true,"href":"https:\/\/www.elvendrellturisme.com\/es\/wp-json\/wp\/v2\/media\/26025"}],"wp:attachment":[{"href":"https:\/\/www.elvendrellturisme.com\/es\/wp-json\/wp\/v2\/media?parent=24245"}],"wp:term":[{"taxonomy":"category","embeddable":true,"href":"https:\/\/www.elvendrellturisme.com\/es\/wp-json\/wp\/v2\/categories?post=24245"},{"taxonomy":"post_tag","embeddable":true,"href":"https:\/\/www.elvendrellturisme.com\/es\/wp-json\/wp\/v2\/tags?post=24245"},{"taxonomy":"dipi_cpt_category","embeddable":true,"href":"https:\/\/www.elvendrellturisme.com\/es\/wp-json\/wp\/v2\/dipi_cpt_category?post=24245"}],"curies":[{"name":"wp","href":"https:\/\/api.w.org\/{rel}","templated":true}]}}