{"id":24256,"date":"2009-09-23T10:37:02","date_gmt":"2009-09-23T10:37:02","guid":{"rendered":"http:\/\/tv.dms3labs.cat\/%ef%bb%bfnuevo-mapa-de-caminos-del-termino-municipal\/"},"modified":"2009-09-23T10:37:02","modified_gmt":"2009-09-23T10:37:02","slug":"%ef%bb%bfnuevo-mapa-de-caminos-del-termino-municipal","status":"publish","type":"post","link":"https:\/\/www.elvendrellturisme.com\/es\/%ef%bb%bfnuevo-mapa-de-caminos-del-termino-municipal\/","title":{"rendered":"Nuevo mapa de caminos del t\u00e9rmino municipal"},"content":{"rendered":"<p>El Patronato Municipal de Turismo y la Concejal\u00eda de Medio Ambiente del Ayuntamiento del Vendrell han editado una nueva versi\u00f3n del mapa de caminos del t\u00e9rmino, que actualiza y mejora la \u00faltima edici\u00f3n, que fechaba del a\u00f1o 2001.<\/p>\n<p>En concreto, el nuevo mapa incorpora mejoras, como la descripci\u00f3n de los itinerarios de los senderos para recurrir (PR C12, PR C16, v\u00eda verde), un mapa ampliado de los senderos del Fondo del Mata y una definici\u00f3n digital m\u00e1s esmerada de la publicaci\u00f3n.<\/p>\n<p>Esta nueva versi\u00f3n incluye el mapa topogr\u00e1fico del t\u00e9rmino municipal, las curvas de nivel, la red hidrogr\u00e1fica y los itinerarios de senderos para hacer a pie o con bicicleta. En breve, adem\u00e1s, desde el portal www.elvendrellturistic.com se ofrecer\u00e1n las rutas de los caminos para poder descargarlas con un GPS.<\/p>\n<p>En concreto, se han publicado 3.500 ejemplares del mapa, que se podr\u00e1n recoger en los diferentes equipamientos municipales.<\/p>\n<p>Tanto la concejala de Turismo, \u00c0ngels Turdiu, como el concejal de Medio Ambiente, Jaume Domingo, han destacado la importancia de la publicaci\u00f3n, dado que permite conocer m\u00e1s el territorio y sus espacios de inter\u00e9s ambiental y paisaj\u00edstico. En este sentido, los concejales apuntaron que el mapa de caminos se presenta como una herramienta \u00fatil para descubrir, a trav\u00e9s de actividades deportivas y de naturaleza, el entorno tan rico que tiene el municipio.<\/p>\n<p>Ha colaborado en la edici\u00f3n del mapa el cart\u00f3grafo Benjam\u00ed Salbiron, as\u00ed como el Grupo de Monta\u00f1a de La Lira y la Pe\u00f1a Ciclista del Baix Pened\u00e8s.<\/p>\n","protected":false},"excerpt":{"rendered":"<p>El Patronato Municipal de Turismo y la Concejal\u00eda de Medio Ambiente del Ayuntamiento del Vendrell han editado una nueva versi\u00f3n del mapa de caminos del t\u00e9rmino, que actualiza y mejora la \u00faltima edici\u00f3n, que fechaba del a\u00f1o 2001. En concreto, el nuevo mapa incorpora mejoras, como la descripci\u00f3n de los itinerarios de los senderos para [&hellip;]<\/p>\n","protected":false},"author":1,"featured_media":22057,"comment_status":"open","ping_status":"closed","sticky":false,"template":"","format":"standard","meta":{"_acf_changed":false,"_et_pb_use_builder":"","_et_pb_old_content":"","_et_gb_content_width":"","content-type":"","footnotes":""},"categories":[12],"tags":[],"dipi_cpt_category":[],"class_list":["post-24256","post","type-post","status-publish","format-standard","has-post-thumbnail","hentry","category-sin-categoria"],"acf":[],"_links":{"self":[{"href":"https:\/\/www.elvendrellturisme.com\/es\/wp-json\/wp\/v2\/posts\/24256","targetHints":{"allow":["GET"]}}],"collection":[{"href":"https:\/\/www.elvendrellturisme.com\/es\/wp-json\/wp\/v2\/posts"}],"about":[{"href":"https:\/\/www.elvendrellturisme.com\/es\/wp-json\/wp\/v2\/types\/post"}],"author":[{"embeddable":true,"href":"https:\/\/www.elvendrellturisme.com\/es\/wp-json\/wp\/v2\/users\/1"}],"replies":[{"embeddable":true,"href":"https:\/\/www.elvendrellturisme.com\/es\/wp-json\/wp\/v2\/comments?post=24256"}],"version-history":[{"count":0,"href":"https:\/\/www.elvendrellturisme.com\/es\/wp-json\/wp\/v2\/posts\/24256\/revisions"}],"wp:featuredmedia":[{"embeddable":true,"href":"https:\/\/www.elvendrellturisme.com\/es\/wp-json\/wp\/v2\/media\/22057"}],"wp:attachment":[{"href":"https:\/\/www.elvendrellturisme.com\/es\/wp-json\/wp\/v2\/media?parent=24256"}],"wp:term":[{"taxonomy":"category","embeddable":true,"href":"https:\/\/www.elvendrellturisme.com\/es\/wp-json\/wp\/v2\/categories?post=24256"},{"taxonomy":"post_tag","embeddable":true,"href":"https:\/\/www.elvendrellturisme.com\/es\/wp-json\/wp\/v2\/tags?post=24256"},{"taxonomy":"dipi_cpt_category","embeddable":true,"href":"https:\/\/www.elvendrellturisme.com\/es\/wp-json\/wp\/v2\/dipi_cpt_category?post=24256"}],"curies":[{"name":"wp","href":"https:\/\/api.w.org\/{rel}","templated":true}]}}