{"id":24273,"date":"2010-05-01T11:25:06","date_gmt":"2010-05-01T11:25:06","guid":{"rendered":"http:\/\/tv.dms3labs.cat\/fiesta-de-la-primavera-en-el-vendrell\/"},"modified":"2010-05-01T11:25:06","modified_gmt":"2010-05-01T11:25:06","slug":"fiesta-de-la-primavera-en-el-vendrell","status":"publish","type":"post","link":"https:\/\/www.elvendrellturisme.com\/es\/fiesta-de-la-primavera-en-el-vendrell\/","title":{"rendered":"Fiesta de la Primavera en el Vendrell"},"content":{"rendered":"<p>Los d\u00edas 7, 8 y 9 de mayo, el Vendrell celebrar\u00e1 el 14\u00ba Concurso de Roses, el 14\u00ba Mercado de la Planta y<br \/>\nla Flor, la 7\u00aa Muestra de guarnici\u00f3n de balcones y la 6\u00aa Muestra de jardines.<br \/>\nUno de los actos m\u00e1s emblem\u00e1ticos es el Concurso de Roses, que se celebra en el Centro c\u00edvico La Estaci\u00f3n y<br \/>\nque este a\u00f1o incorpora el premio Pere Dot, cedido por el Ayuntamiento de Sant Feliu de Llobregat para el<br \/>\nprimer premio en la rosa m\u00e1s perfumada. Este a\u00f1o se espera tener el mismo \u00e9xito del a\u00f1o pasado, en<br \/>\nqu\u00e9 se cont\u00f3 con la participaci\u00f3n de 600 rosas. Las personas concursantes se podr\u00e1n inscribir<br \/>\nhasta el 6 de mayo y la recepci\u00f3n de rosas se har\u00e1 de 8 h a 11 h el s\u00e1bado 8 de mayo. La entrega de<br \/>\npremios tendr\u00e1 lugar el domingo 9 de mayo, a las 18 h.<br \/>\nDe forma paralela, la Rambla tambi\u00e9n estar\u00e1 ocupada por el Mercado de la Planta y la Flor, con un total<br \/>\nde nueve establecimientos participantes, y por|para la Muestra de jardines, a cargo de seis expositores. A lo largo del fin de semana, se desarrollar\u00e1n diversos talleres educativos a cargo del equipo educativo de Medi<br \/>\nAmbiente del Ventall.<br \/>\nPara redondear esta Fiesta de la Primavera, el Patronato Municipal de Promoci\u00f3n Econ\u00f3mica tambi\u00e9n<br \/>\nha organizado la Muestra de guarnici\u00f3n de balcones. El jurado premiar\u00e1 todos los balcones que considere<br \/>\nbastantes atractivos con un vale de 30 euros, intercambiable por productos de las florister\u00edas y los centros de<br \/>\njardiner\u00eda que participan al Mercado.<\/p>\n","protected":false},"excerpt":{"rendered":"<p>Los d\u00edas 7, 8 y 9 de mayo, el Vendrell celebrar\u00e1 el 14\u00ba Concurso de Roses, el 14\u00ba Mercado de la Planta y la Flor, la 7\u00aa Muestra de guarnici\u00f3n de balcones y la 6\u00aa Muestra de jardines. Uno de los actos m\u00e1s emblem\u00e1ticos es el Concurso de Roses, que se celebra en el Centro [&hellip;]<\/p>\n","protected":false},"author":1,"featured_media":22088,"comment_status":"open","ping_status":"closed","sticky":false,"template":"","format":"standard","meta":{"_acf_changed":false,"_et_pb_use_builder":"","_et_pb_old_content":"","_et_gb_content_width":"","content-type":"","footnotes":""},"categories":[12],"tags":[],"dipi_cpt_category":[],"class_list":["post-24273","post","type-post","status-publish","format-standard","has-post-thumbnail","hentry","category-sin-categoria"],"acf":[],"_links":{"self":[{"href":"https:\/\/www.elvendrellturisme.com\/es\/wp-json\/wp\/v2\/posts\/24273","targetHints":{"allow":["GET"]}}],"collection":[{"href":"https:\/\/www.elvendrellturisme.com\/es\/wp-json\/wp\/v2\/posts"}],"about":[{"href":"https:\/\/www.elvendrellturisme.com\/es\/wp-json\/wp\/v2\/types\/post"}],"author":[{"embeddable":true,"href":"https:\/\/www.elvendrellturisme.com\/es\/wp-json\/wp\/v2\/users\/1"}],"replies":[{"embeddable":true,"href":"https:\/\/www.elvendrellturisme.com\/es\/wp-json\/wp\/v2\/comments?post=24273"}],"version-history":[{"count":0,"href":"https:\/\/www.elvendrellturisme.com\/es\/wp-json\/wp\/v2\/posts\/24273\/revisions"}],"wp:featuredmedia":[{"embeddable":true,"href":"https:\/\/www.elvendrellturisme.com\/es\/wp-json\/wp\/v2\/media\/22088"}],"wp:attachment":[{"href":"https:\/\/www.elvendrellturisme.com\/es\/wp-json\/wp\/v2\/media?parent=24273"}],"wp:term":[{"taxonomy":"category","embeddable":true,"href":"https:\/\/www.elvendrellturisme.com\/es\/wp-json\/wp\/v2\/categories?post=24273"},{"taxonomy":"post_tag","embeddable":true,"href":"https:\/\/www.elvendrellturisme.com\/es\/wp-json\/wp\/v2\/tags?post=24273"},{"taxonomy":"dipi_cpt_category","embeddable":true,"href":"https:\/\/www.elvendrellturisme.com\/es\/wp-json\/wp\/v2\/dipi_cpt_category?post=24273"}],"curies":[{"name":"wp","href":"https:\/\/api.w.org\/{rel}","templated":true}]}}