{"id":24277,"date":"2010-05-24T11:30:14","date_gmt":"2010-05-24T11:30:14","guid":{"rendered":"http:\/\/tv.dms3labs.cat\/%ef%bb%bfoperadores-internacionales-visitan-el-vendrell\/"},"modified":"2010-05-24T11:30:14","modified_gmt":"2010-05-24T11:30:14","slug":"%ef%bb%bfoperadores-internacionales-visitan-el-vendrell","status":"publish","type":"post","link":"https:\/\/www.elvendrellturisme.com\/es\/%ef%bb%bfoperadores-internacionales-visitan-el-vendrell\/","title":{"rendered":"Operadores internacionales visitan el Vendrell"},"content":{"rendered":"<p>El martes 18 de mayo, un grupo de 18 operadores tur\u00edsticos especializados en cultura y gastronom\u00eda visitaron el Vendrell.<\/p>\n<p>Entre los pa\u00edses representados de esta visita hab\u00eda Alemania, Francia, Irlanda, Uzbekist\u00e1n, los EE.UU., los Pa\u00edses Bajos, Rusia, el Reino Unido, Serbia, Suiza, Italia y B\u00e9lgica. El grupo pudo acercarse a la vida y la m\u00fasica del maestro Pau Casals, gracias a una visita guiada por la Vil\u00b7la Casals y por los jardines del museo. Tambi\u00e9n pudieron disfrutar de la gastronom\u00eda del municipio con una comida en el restaurante La Nansa y, acto seguido, visitaron Mas Vilella, bodega de Jan\u00e9 Ventura, donde participaron en una cata de vinos y cava.<\/p>\n<p>Esta acci\u00f3n se encuentra dentro del taller Buy Catalunya del d\u00eda 21 de mayo que la Agencia Catalana de Turismo organiza para promocionar todos los rincones del pa\u00eds. Este a\u00f1o es la tercera edici\u00f3n y se ofrece en el sector tur\u00edstico catal\u00e1n la posibilidad de reunirse con una selecci\u00f3n de 150 operadores tur\u00edsticos en un solo d\u00eda.<\/p>\n<p>Los operadores extranjeros participantes se seleccionan cuidadosamente y son invitados por la Agencia Catalana de Turismo a trav\u00e9s de sus centros de Promoci\u00f3n Tur\u00edstica.<\/p>\n","protected":false},"excerpt":{"rendered":"<p>El martes 18 de mayo, un grupo de 18 operadores tur\u00edsticos especializados en cultura y gastronom\u00eda visitaron el Vendrell. Entre los pa\u00edses representados de esta visita hab\u00eda Alemania, Francia, Irlanda, Uzbekist\u00e1n, los EE.UU., los Pa\u00edses Bajos, Rusia, el Reino Unido, Serbia, Suiza, Italia y B\u00e9lgica. El grupo pudo acercarse a la vida y la m\u00fasica [&hellip;]<\/p>\n","protected":false},"author":1,"featured_media":22096,"comment_status":"open","ping_status":"closed","sticky":false,"template":"","format":"standard","meta":{"_acf_changed":false,"_et_pb_use_builder":"","_et_pb_old_content":"","_et_gb_content_width":"","content-type":"","footnotes":""},"categories":[12],"tags":[],"dipi_cpt_category":[],"class_list":["post-24277","post","type-post","status-publish","format-standard","has-post-thumbnail","hentry","category-sin-categoria"],"acf":[],"_links":{"self":[{"href":"https:\/\/www.elvendrellturisme.com\/es\/wp-json\/wp\/v2\/posts\/24277","targetHints":{"allow":["GET"]}}],"collection":[{"href":"https:\/\/www.elvendrellturisme.com\/es\/wp-json\/wp\/v2\/posts"}],"about":[{"href":"https:\/\/www.elvendrellturisme.com\/es\/wp-json\/wp\/v2\/types\/post"}],"author":[{"embeddable":true,"href":"https:\/\/www.elvendrellturisme.com\/es\/wp-json\/wp\/v2\/users\/1"}],"replies":[{"embeddable":true,"href":"https:\/\/www.elvendrellturisme.com\/es\/wp-json\/wp\/v2\/comments?post=24277"}],"version-history":[{"count":0,"href":"https:\/\/www.elvendrellturisme.com\/es\/wp-json\/wp\/v2\/posts\/24277\/revisions"}],"wp:featuredmedia":[{"embeddable":true,"href":"https:\/\/www.elvendrellturisme.com\/es\/wp-json\/wp\/v2\/media\/22096"}],"wp:attachment":[{"href":"https:\/\/www.elvendrellturisme.com\/es\/wp-json\/wp\/v2\/media?parent=24277"}],"wp:term":[{"taxonomy":"category","embeddable":true,"href":"https:\/\/www.elvendrellturisme.com\/es\/wp-json\/wp\/v2\/categories?post=24277"},{"taxonomy":"post_tag","embeddable":true,"href":"https:\/\/www.elvendrellturisme.com\/es\/wp-json\/wp\/v2\/tags?post=24277"},{"taxonomy":"dipi_cpt_category","embeddable":true,"href":"https:\/\/www.elvendrellturisme.com\/es\/wp-json\/wp\/v2\/dipi_cpt_category?post=24277"}],"curies":[{"name":"wp","href":"https:\/\/api.w.org\/{rel}","templated":true}]}}