{"id":24294,"date":"2011-01-13T10:13:56","date_gmt":"2011-01-13T10:13:56","guid":{"rendered":"http:\/\/tv.dms3labs.cat\/nuevo-ciclo-de-jovenes-interpretes\/"},"modified":"2011-01-13T10:13:56","modified_gmt":"2011-01-13T10:13:56","slug":"nuevo-ciclo-de-jovenes-interpretes","status":"publish","type":"post","link":"https:\/\/www.elvendrellturisme.com\/es\/nuevo-ciclo-de-jovenes-interpretes\/","title":{"rendered":"Nuevo Ciclo de J\u00f3venes Int\u00e9rpretes"},"content":{"rendered":"<p>Este viernes 14 de enero comienza un nuevo Ciclo de J\u00f3venes int\u00e9rpretes, un proyecto nacido el a\u00f1o 1992 con la voluntad de dar a conocer la tarea que se est\u00e1 llevando a cabo en las diferentes escuelas y conservatorios con los m\u00fasicos que se forman.<\/p>\n<p>Este a\u00f1o, pero, como novedad destacada, la programaci\u00f3n del Ciclo es fruto del trabajo conjunto del Auditorio Pau Casals, los Amigos del \u00d3rgano de Vendrell y la Asociaci\u00f3n Musical Pau Casals. Seg\u00fan la regidora de Cultura, Marta Tutusaus, con esta colaboraci\u00f3n se busca una mayor proyecci\u00f3n del patrimonio musical y art\u00edstico de Vendrell -representado por la figura universal de Pau Casals y un instrumento de extraordinario valor como el \u00f3rgano de la &#8216;iglesia- y, a la vez, unir esfuerzos en una \u00e9poca de dificultades presupuestarias. <\/p>\n<p>El Ciclo de J\u00f3venes Int\u00e9rpretes ser\u00e1, pues, una de las iniciativas conjuntas del Ayuntamiento y estas dos entidades. Gracias a esto, dos de los siete conciertos previstos al Ciclo ser\u00e1n de \u00f3rgano y se desarrollar\u00e1n en la &#8216;iglesia. As\u00ed, por ejemplo, el encargado de comenzarlo ser\u00e1 el organista \u00c1lvaro Carnicero, que este pr\u00f3ximo viernes ofrecer\u00e1 su concierto a partir de las 9 de la noche en la iglesia parroquial de Vendrell, con entrada gratuita.<br \/>\nRespecto a los conservatorios y escuelas que tienen presencia al Ciclo, hay que destacar que se contin\u00faa contando con la colaboraci\u00f3n de los conservatorios de Tarragona (30 de enero) y de Vila-seca (20 de febrero), as\u00ed como tambi\u00e9n del Conservatorio del Liceo de Barcelona (16 de enero). Como novedad, este a\u00f1o se han incorporado el Conservatorio de Sabadell (27 de febrero) y el Instituto de Altafulla (13 de febrero). Seg\u00fan Juli Grandia, gerente del Auditorio Pau Casals, la presencia de la Jazzorquestra de este instituto al Ciclo representa para la organizaci\u00f3n una muestra muy significativa del trabajo importante que se hace a los institutos en torno al fomento de la m\u00fasica.<br \/>\nEl Ciclo de J\u00f3venes Int\u00e9rpretes tambi\u00e9n contin\u00faa, un a\u00f1o m\u00e1s, colaborando con los Pastorcillos de Vendrell para publicitar de manera conjunta ambas iniciativas culturales.<br \/>\nAprovechando la presentaci\u00f3n del Ciclo, Xavier Mercad\u00e9, de los Amigos del \u00d3rgano, ha anunciado que cada primer viernes de mes programar\u00e1n una audici\u00f3n de \u00f3rgano para darle vida, una vez finalizada su restauraci\u00f3n, y por tal de ofrecerlo tanto a estudiantes como organistas profesionales.<\/p>\n","protected":false},"excerpt":{"rendered":"<p>Este viernes 14 de enero comienza un nuevo Ciclo de J\u00f3venes int\u00e9rpretes, un proyecto nacido el a\u00f1o 1992 con la voluntad de dar a conocer la tarea que se est\u00e1 llevando a cabo en las diferentes escuelas y conservatorios con los m\u00fasicos que se forman. Este a\u00f1o, pero, como novedad destacada, la programaci\u00f3n del Ciclo [&hellip;]<\/p>\n","protected":false},"author":1,"featured_media":22129,"comment_status":"open","ping_status":"closed","sticky":false,"template":"","format":"standard","meta":{"_acf_changed":false,"_et_pb_use_builder":"","_et_pb_old_content":"","_et_gb_content_width":"","content-type":"","footnotes":""},"categories":[12],"tags":[],"dipi_cpt_category":[],"class_list":["post-24294","post","type-post","status-publish","format-standard","has-post-thumbnail","hentry","category-sin-categoria"],"acf":[],"_links":{"self":[{"href":"https:\/\/www.elvendrellturisme.com\/es\/wp-json\/wp\/v2\/posts\/24294","targetHints":{"allow":["GET"]}}],"collection":[{"href":"https:\/\/www.elvendrellturisme.com\/es\/wp-json\/wp\/v2\/posts"}],"about":[{"href":"https:\/\/www.elvendrellturisme.com\/es\/wp-json\/wp\/v2\/types\/post"}],"author":[{"embeddable":true,"href":"https:\/\/www.elvendrellturisme.com\/es\/wp-json\/wp\/v2\/users\/1"}],"replies":[{"embeddable":true,"href":"https:\/\/www.elvendrellturisme.com\/es\/wp-json\/wp\/v2\/comments?post=24294"}],"version-history":[{"count":0,"href":"https:\/\/www.elvendrellturisme.com\/es\/wp-json\/wp\/v2\/posts\/24294\/revisions"}],"wp:featuredmedia":[{"embeddable":true,"href":"https:\/\/www.elvendrellturisme.com\/es\/wp-json\/wp\/v2\/media\/22129"}],"wp:attachment":[{"href":"https:\/\/www.elvendrellturisme.com\/es\/wp-json\/wp\/v2\/media?parent=24294"}],"wp:term":[{"taxonomy":"category","embeddable":true,"href":"https:\/\/www.elvendrellturisme.com\/es\/wp-json\/wp\/v2\/categories?post=24294"},{"taxonomy":"post_tag","embeddable":true,"href":"https:\/\/www.elvendrellturisme.com\/es\/wp-json\/wp\/v2\/tags?post=24294"},{"taxonomy":"dipi_cpt_category","embeddable":true,"href":"https:\/\/www.elvendrellturisme.com\/es\/wp-json\/wp\/v2\/dipi_cpt_category?post=24294"}],"curies":[{"name":"wp","href":"https:\/\/api.w.org\/{rel}","templated":true}]}}