{"id":24297,"date":"2011-02-09T09:59:07","date_gmt":"2011-02-09T09:59:07","guid":{"rendered":"http:\/\/tv.dms3labs.cat\/el-vendrell-vive-una-nueva-xatonada-popular-multitudinaria\/"},"modified":"2011-02-09T09:59:07","modified_gmt":"2011-02-09T09:59:07","slug":"el-vendrell-vive-una-nueva-xatonada-popular-multitudinaria","status":"publish","type":"post","link":"https:\/\/www.elvendrellturisme.com\/es\/el-vendrell-vive-una-nueva-xatonada-popular-multitudinaria\/","title":{"rendered":"El Vendrell vive una nueva Xatonada Popular multitudinaria"},"content":{"rendered":"<p>El pasado domingo El Vendrell volvi\u00f3 a revalidar su papel de cuna del xat\u00f3 y, esta vez, se proclamaba capital del xat\u00f3 con motivo de los 25 a\u00f1os de la Xatonada Popular. El buen tiempo propici\u00f3 que miles de visitantes llenaran la Rambla y que se repartieran 3.000 raciones de xat\u00f3 de Vendrell. <\/p>\n<p>A las 10 de la ma\u00f1ana se inici\u00f3 el 25e Concurso de Maestros Xatoniares con 50 participantes procedentes de Vendrell, Albinyana, Tarragona, Seguro de Calafell, Sant Jaume dels Domenys, Aviny\u00f3 Nou y Santa Oliva. Los ganadores de este a\u00f1o han sido todos de Vendrell: en primer lugar, Josep Mir\u00f3; en segundo lugar, Jes\u00fas Trayner; en tercer lugar, Eva Rebollo; en cuarto lugar, Jordi Urgell; en quinto lugar, Margarita Camarero, y en sexto lugar, Joan Anton \u00c1lvaro. Antes de anunciar los ganadores, se invisti\u00f3 Maestra Xatonaire la ganadora del primer premio del a\u00f1o pasado, la tambi\u00e9n vendrellenca \u00c0ngela Perib\u00e1\u00f1ez. <\/p>\n<p>Durante toda la ma\u00f1ana, la Rambla acogi\u00f3 la 18a Feria de productos alimentarios naturales y artesanales, la degustaci\u00f3n de Caf\u00e9s Brasilia (patrocinador de la Xatonada Popular), la animaci\u00f3n a cargo del Gobern de Catalu\u00f1a, un encuentro de intercambio de placas de cava, una ruleta de obsequios a cargo del drag\u00f3n de fuego El Cabrot (que recaud\u00f3 500 euros) y una ludoteca con 30 juegos de habilidad construidos con materiales reciclados. <\/p>\n<p>En definitiva, la Xatonada Popular de Vendrell se consolida como una de las fiestas gastron\u00f3micas m\u00e1s importantes del pa\u00eds que, a\u00f1o tras a\u00f1o, cuenta con la presencia y el apoyo de personajes populares que, este a\u00f1o, han sido el locutor Justo Molinero y la actriz Rosa Andreu.<\/p>\n","protected":false},"excerpt":{"rendered":"<p>El pasado domingo El Vendrell volvi\u00f3 a revalidar su papel de cuna del xat\u00f3 y, esta vez, se proclamaba capital del xat\u00f3 con motivo de los 25 a\u00f1os de la Xatonada Popular. El buen tiempo propici\u00f3 que miles de visitantes llenaran la Rambla y que se repartieran 3.000 raciones de xat\u00f3 de Vendrell. A las [&hellip;]<\/p>\n","protected":false},"author":1,"featured_media":22135,"comment_status":"open","ping_status":"closed","sticky":false,"template":"","format":"standard","meta":{"_acf_changed":false,"_et_pb_use_builder":"","_et_pb_old_content":"","_et_gb_content_width":"","content-type":"","footnotes":""},"categories":[12],"tags":[],"dipi_cpt_category":[],"class_list":["post-24297","post","type-post","status-publish","format-standard","has-post-thumbnail","hentry","category-sin-categoria"],"acf":[],"_links":{"self":[{"href":"https:\/\/www.elvendrellturisme.com\/es\/wp-json\/wp\/v2\/posts\/24297","targetHints":{"allow":["GET"]}}],"collection":[{"href":"https:\/\/www.elvendrellturisme.com\/es\/wp-json\/wp\/v2\/posts"}],"about":[{"href":"https:\/\/www.elvendrellturisme.com\/es\/wp-json\/wp\/v2\/types\/post"}],"author":[{"embeddable":true,"href":"https:\/\/www.elvendrellturisme.com\/es\/wp-json\/wp\/v2\/users\/1"}],"replies":[{"embeddable":true,"href":"https:\/\/www.elvendrellturisme.com\/es\/wp-json\/wp\/v2\/comments?post=24297"}],"version-history":[{"count":0,"href":"https:\/\/www.elvendrellturisme.com\/es\/wp-json\/wp\/v2\/posts\/24297\/revisions"}],"wp:featuredmedia":[{"embeddable":true,"href":"https:\/\/www.elvendrellturisme.com\/es\/wp-json\/wp\/v2\/media\/22135"}],"wp:attachment":[{"href":"https:\/\/www.elvendrellturisme.com\/es\/wp-json\/wp\/v2\/media?parent=24297"}],"wp:term":[{"taxonomy":"category","embeddable":true,"href":"https:\/\/www.elvendrellturisme.com\/es\/wp-json\/wp\/v2\/categories?post=24297"},{"taxonomy":"post_tag","embeddable":true,"href":"https:\/\/www.elvendrellturisme.com\/es\/wp-json\/wp\/v2\/tags?post=24297"},{"taxonomy":"dipi_cpt_category","embeddable":true,"href":"https:\/\/www.elvendrellturisme.com\/es\/wp-json\/wp\/v2\/dipi_cpt_category?post=24297"}],"curies":[{"name":"wp","href":"https:\/\/api.w.org\/{rel}","templated":true}]}}