{"id":24302,"date":"2011-03-09T10:01:16","date_gmt":"2011-03-09T10:01:16","guid":{"rendered":"http:\/\/tv.dms3labs.cat\/brillante-inicio-del-open-natura-2011-en-el-vendrell\/"},"modified":"2011-03-09T10:01:16","modified_gmt":"2011-03-09T10:01:16","slug":"brillante-inicio-del-open-natura-2011-en-el-vendrell","status":"publish","type":"post","link":"https:\/\/www.elvendrellturisme.com\/es\/brillante-inicio-del-open-natura-2011-en-el-vendrell\/","title":{"rendered":"Brillante inicio del Open Natura 2011 en el Vendrell"},"content":{"rendered":"<p>De nuevo, el Club Open Natura y la Pe\u00f1a Ciclista Baix Pened\u00e8s demostraron su capacidad organizativa, y consiguieron reunir m\u00e1s de 700 ciclistas en el estreno del Open Natura 2011. <\/p>\n<p>Los participantes alabaron el dise\u00f1o de los circuitos, muy entretenidos y que, por primera vez en las seis ocasiones que la Open Natura ha visitado El Vendrell, se disput\u00f3 en su totalidad dentro del t\u00e9rmino municipal. <\/p>\n<p>Ya ha empezado una nueva edici\u00f3n de la Open Natura, y lo ha hecho, como es habitual en los \u00faltimos seis a\u00f1os, a Vendrell y con un notable \u00e9xito de participaci\u00f3n. M\u00e1s de 700 ciclistas participaron en la primera prueba de la Open Natura 2011, la cual se disput\u00f3 en un d\u00eda de sol espl\u00e9ndido y con unas \u00f3ptimas condiciones para la pr\u00e1ctica del ciclismo de monta\u00f1a. <\/p>\n<p>Dos recorridos que gustaron <\/p>\n<p>C\u00f3mo es habitual en cada una de las pruebas de la Open Natura, se marcaron dos circuitos porque todos los participantes pudieran disfrutar de la bicicleta de monta\u00f1a en el recorrido que mejor se ajustaba a sus condiciones f\u00edsicas y t\u00e9cnicas: un circuito m\u00e1s corto de 22 km y otro m\u00e1s largo de 44 km. Tanto los que optaron por el primer recorrido como por el segundo, alabaron la tarea realizada por la Pe\u00f1a Ciclista Baix Pened\u00e8s, puesto que los recorridos fueron muy entretenidos, y abundaban los corriols que tanto gustan a los ciclistas. <\/p>\n<p>Antes de la salida de la pedalada de los adultos -los honores del disparo de salida correspondieron a \u00c0ngels Turdiu, regidora del Ayuntamiento de Vendrell-, los peque\u00f1os fueron los protagonistas. Unos 50 ni\u00f1os y ni\u00f1as protagonizaron la pedalada infantil gratuita, sin\u00f3nimo del apoyo al plantel y a la promoci\u00f3n de la bicicleta de monta\u00f1a que se realiza desde el Club Open Natura. <\/p>\n<p>Una feria concurrida <\/p>\n<p>Antes de la salida, y a medida que los participantes iban concluyendo su participaci\u00f3n, la feria que se levanta en cada una de las pruebas de la Open Natura fue un hormiguero de curiosos y forofos. Las carpas de los establecimientos de bicicletas fueron muy visitadas, as\u00ed como la de los productos energ\u00e9ticos. <\/p>\n<p>Entre todos los asistentes se sorte\u00f3 un billete de avi\u00f3n y un navegador. As\u00ed pues, fue una fant\u00e1stica jornada dominical de bicicleta de monta\u00f1a, preludio de la segunda prueba de la Open Natura 2011, que se disputar\u00e1 el 27 de marzo en \u00d2dena.<\/p>\n","protected":false},"excerpt":{"rendered":"<p>De nuevo, el Club Open Natura y la Pe\u00f1a Ciclista Baix Pened\u00e8s demostraron su capacidad organizativa, y consiguieron reunir m\u00e1s de 700 ciclistas en el estreno del Open Natura 2011. Los participantes alabaron el dise\u00f1o de los circuitos, muy entretenidos y que, por primera vez en las seis ocasiones que la Open Natura ha visitado [&hellip;]<\/p>\n","protected":false},"author":1,"featured_media":22145,"comment_status":"open","ping_status":"closed","sticky":false,"template":"","format":"standard","meta":{"_acf_changed":false,"_et_pb_use_builder":"","_et_pb_old_content":"","_et_gb_content_width":"","content-type":"","footnotes":""},"categories":[12],"tags":[],"dipi_cpt_category":[],"class_list":["post-24302","post","type-post","status-publish","format-standard","has-post-thumbnail","hentry","category-sin-categoria"],"acf":[],"_links":{"self":[{"href":"https:\/\/www.elvendrellturisme.com\/es\/wp-json\/wp\/v2\/posts\/24302","targetHints":{"allow":["GET"]}}],"collection":[{"href":"https:\/\/www.elvendrellturisme.com\/es\/wp-json\/wp\/v2\/posts"}],"about":[{"href":"https:\/\/www.elvendrellturisme.com\/es\/wp-json\/wp\/v2\/types\/post"}],"author":[{"embeddable":true,"href":"https:\/\/www.elvendrellturisme.com\/es\/wp-json\/wp\/v2\/users\/1"}],"replies":[{"embeddable":true,"href":"https:\/\/www.elvendrellturisme.com\/es\/wp-json\/wp\/v2\/comments?post=24302"}],"version-history":[{"count":0,"href":"https:\/\/www.elvendrellturisme.com\/es\/wp-json\/wp\/v2\/posts\/24302\/revisions"}],"wp:featuredmedia":[{"embeddable":true,"href":"https:\/\/www.elvendrellturisme.com\/es\/wp-json\/wp\/v2\/media\/22145"}],"wp:attachment":[{"href":"https:\/\/www.elvendrellturisme.com\/es\/wp-json\/wp\/v2\/media?parent=24302"}],"wp:term":[{"taxonomy":"category","embeddable":true,"href":"https:\/\/www.elvendrellturisme.com\/es\/wp-json\/wp\/v2\/categories?post=24302"},{"taxonomy":"post_tag","embeddable":true,"href":"https:\/\/www.elvendrellturisme.com\/es\/wp-json\/wp\/v2\/tags?post=24302"},{"taxonomy":"dipi_cpt_category","embeddable":true,"href":"https:\/\/www.elvendrellturisme.com\/es\/wp-json\/wp\/v2\/dipi_cpt_category?post=24302"}],"curies":[{"name":"wp","href":"https:\/\/api.w.org\/{rel}","templated":true}]}}