{"id":24304,"date":"2011-03-17T10:22:20","date_gmt":"2011-03-17T10:22:20","guid":{"rendered":"http:\/\/tv.dms3labs.cat\/el-vendrell-presente-en-la-feria-itb-de-berlin\/"},"modified":"2011-03-17T10:22:20","modified_gmt":"2011-03-17T10:22:20","slug":"el-vendrell-presente-en-la-feria-itb-de-berlin","status":"publish","type":"post","link":"https:\/\/www.elvendrellturisme.com\/es\/el-vendrell-presente-en-la-feria-itb-de-berlin\/","title":{"rendered":"El Vendrell, presente en la feria ITB de Berl\u00edn"},"content":{"rendered":"<p>Del 9 al 13 de marzo, el Patronato Municipal de Turismo de Vendrell fue presente a la feria International Touristik B\u00f6rse de Berl\u00edn, una feria de turismo que recibe unos 180.000 visitantes. <\/p>\n<p>La participaci\u00f3n del Patronato en esta feria se hace a trav\u00e9s del convenio &quot;c\u00f2rner&quot; que coordina el Patronato de Turismo de la Diputaci\u00f3n de Tarragona. De este modo, se hace una acci\u00f3n promocional conjunta entre varios patronatos de turismo y asociaciones empresariales de Costa Dorada. Aparte de personal t\u00e9cnico del Patronato, en Berl\u00edn tambi\u00e9n se desplazaron el alcalde de Vendrell, Benet Jan\u00e9, y la regidora de Turismo, Comercio y Playas, \u00c0ngels Turdiu. <\/p>\n<p>El material promocional de Vendrell que se dio a la ITB de Berl\u00edn fueron la Gu\u00eda de Promoci\u00f3n Tur\u00edstica del municipio, la cual engloba los productos tur\u00edsticos de la villa (turismo de salud, turismo activo, turismo cultural, turismo gastron\u00f3mico y turismo de sol y playa) y la Gu\u00eda de Alojamientos 2011, acompa\u00f1adas de productos de merchandising con difusi\u00f3n de la web de Vendrell. Hay que decir que en la feria tambi\u00e9n se dispuso del folleto conjunto de los municipios part\u00edcipes del c\u00f2rner, editado expresamente desde el Patronato de Turismo de la Diputaci\u00f3n de Tarragona para la asistencia en estas ferias. <\/p>\n<p>Hay que remarcar que, para Vendrell, el mercado alem\u00e1n es un mercado que visita nuestro municipio de forma habitual, a pesar de la crisis, y teniendo en cuenta la situaci\u00f3n de algunos destinos tur\u00edsticos de la Mediterr\u00e1nea se espera poder captar m\u00e1s turistas, teniendo en cuenta que los alemanes, a pesar de la crisis, tienen las vacaciones como preferencia de consumo.<\/p>\n","protected":false},"excerpt":{"rendered":"<p>Del 9 al 13 de marzo, el Patronato Municipal de Turismo de Vendrell fue presente a la feria International Touristik B\u00f6rse de Berl\u00edn, una feria de turismo que recibe unos 180.000 visitantes. La participaci\u00f3n del Patronato en esta feria se hace a trav\u00e9s del convenio &quot;c\u00f2rner&quot; que coordina el Patronato de Turismo de la Diputaci\u00f3n [&hellip;]<\/p>\n","protected":false},"author":1,"featured_media":22149,"comment_status":"open","ping_status":"closed","sticky":false,"template":"","format":"standard","meta":{"_acf_changed":false,"_et_pb_use_builder":"","_et_pb_old_content":"","_et_gb_content_width":"","content-type":"","footnotes":""},"categories":[12],"tags":[],"dipi_cpt_category":[],"class_list":["post-24304","post","type-post","status-publish","format-standard","has-post-thumbnail","hentry","category-sin-categoria"],"acf":[],"_links":{"self":[{"href":"https:\/\/www.elvendrellturisme.com\/es\/wp-json\/wp\/v2\/posts\/24304","targetHints":{"allow":["GET"]}}],"collection":[{"href":"https:\/\/www.elvendrellturisme.com\/es\/wp-json\/wp\/v2\/posts"}],"about":[{"href":"https:\/\/www.elvendrellturisme.com\/es\/wp-json\/wp\/v2\/types\/post"}],"author":[{"embeddable":true,"href":"https:\/\/www.elvendrellturisme.com\/es\/wp-json\/wp\/v2\/users\/1"}],"replies":[{"embeddable":true,"href":"https:\/\/www.elvendrellturisme.com\/es\/wp-json\/wp\/v2\/comments?post=24304"}],"version-history":[{"count":0,"href":"https:\/\/www.elvendrellturisme.com\/es\/wp-json\/wp\/v2\/posts\/24304\/revisions"}],"wp:featuredmedia":[{"embeddable":true,"href":"https:\/\/www.elvendrellturisme.com\/es\/wp-json\/wp\/v2\/media\/22149"}],"wp:attachment":[{"href":"https:\/\/www.elvendrellturisme.com\/es\/wp-json\/wp\/v2\/media?parent=24304"}],"wp:term":[{"taxonomy":"category","embeddable":true,"href":"https:\/\/www.elvendrellturisme.com\/es\/wp-json\/wp\/v2\/categories?post=24304"},{"taxonomy":"post_tag","embeddable":true,"href":"https:\/\/www.elvendrellturisme.com\/es\/wp-json\/wp\/v2\/tags?post=24304"},{"taxonomy":"dipi_cpt_category","embeddable":true,"href":"https:\/\/www.elvendrellturisme.com\/es\/wp-json\/wp\/v2\/dipi_cpt_category?post=24304"}],"curies":[{"name":"wp","href":"https:\/\/api.w.org\/{rel}","templated":true}]}}