{"id":24306,"date":"2011-04-19T11:37:49","date_gmt":"2011-04-19T11:37:49","guid":{"rendered":"http:\/\/tv.dms3labs.cat\/la-6a-muestra-de-arte-y-artes-aplicadas-se-celebra-el-sabado-30-de-abril\/"},"modified":"2011-04-19T11:37:49","modified_gmt":"2011-04-19T11:37:49","slug":"la-6a-muestra-de-arte-y-artes-aplicadas-se-celebra-el-sabado-30-de-abril","status":"publish","type":"post","link":"https:\/\/www.elvendrellturisme.com\/es\/la-6a-muestra-de-arte-y-artes-aplicadas-se-celebra-el-sabado-30-de-abril\/","title":{"rendered":"La 6a Muestra de arte y artes aplicadas se celebra el s\u00e1bado 30 de abril"},"content":{"rendered":"<p>La sexta edici\u00f3n de la Muestra de arte y artes aplicadas tendr\u00e1 lugar el pr\u00f3ximo s\u00e1bado 30 de abril, de 10 de la ma\u00f1ana a 8 del anochecer, al paseo Mar\u00edtimo de Coma-ruga. <\/p>\n<p>Se podr\u00e1 ver mucha variedad de t\u00e9cnicas art\u00edsticas: pintura (mixta, al aceite y acr\u00edlica), escultura, cer\u00e1mica, vidrio, bisuter\u00eda art\u00edstica, madera, laca japonesa y textil. La novedad de este a\u00f1o ser\u00e1n los art\u00edculos textiles de material reciclado. <\/p>\n<p>Este a\u00f1o, se har\u00e1n los talleres siguientes: <\/p>\n<p>&#8211; de 11 de la ma\u00f1ana a 2 del mediod\u00eda, taller de origami (papirofl\u00e8xia) a cargo de Yukiko Murata. El plegatge de papel es una t\u00e9cnica japonesa de construcci\u00f3n de objetos decorativos en papel plegado sin cortar, enganchar ni a\u00f1adir ning\u00fan elemento. <\/p>\n<p>&#8211; de 5 de la tarde a 8 del anochecer, taller de modelar barro a cargo de Camil\u00b7la P\u00e9rez. El barro que se emplea para modelar es una mezcla de limo, arcilla y agua.<\/p>\n","protected":false},"excerpt":{"rendered":"<p>La sexta edici\u00f3n de la Muestra de arte y artes aplicadas tendr\u00e1 lugar el pr\u00f3ximo s\u00e1bado 30 de abril, de 10 de la ma\u00f1ana a 8 del anochecer, al paseo Mar\u00edtimo de Coma-ruga. Se podr\u00e1 ver mucha variedad de t\u00e9cnicas art\u00edsticas: pintura (mixta, al aceite y acr\u00edlica), escultura, cer\u00e1mica, vidrio, bisuter\u00eda art\u00edstica, madera, laca japonesa [&hellip;]<\/p>\n","protected":false},"author":1,"featured_media":22153,"comment_status":"open","ping_status":"closed","sticky":false,"template":"","format":"standard","meta":{"_acf_changed":false,"_et_pb_use_builder":"","_et_pb_old_content":"","_et_gb_content_width":"","content-type":"","footnotes":""},"categories":[12],"tags":[],"dipi_cpt_category":[],"class_list":["post-24306","post","type-post","status-publish","format-standard","has-post-thumbnail","hentry","category-sin-categoria"],"acf":[],"_links":{"self":[{"href":"https:\/\/www.elvendrellturisme.com\/es\/wp-json\/wp\/v2\/posts\/24306","targetHints":{"allow":["GET"]}}],"collection":[{"href":"https:\/\/www.elvendrellturisme.com\/es\/wp-json\/wp\/v2\/posts"}],"about":[{"href":"https:\/\/www.elvendrellturisme.com\/es\/wp-json\/wp\/v2\/types\/post"}],"author":[{"embeddable":true,"href":"https:\/\/www.elvendrellturisme.com\/es\/wp-json\/wp\/v2\/users\/1"}],"replies":[{"embeddable":true,"href":"https:\/\/www.elvendrellturisme.com\/es\/wp-json\/wp\/v2\/comments?post=24306"}],"version-history":[{"count":0,"href":"https:\/\/www.elvendrellturisme.com\/es\/wp-json\/wp\/v2\/posts\/24306\/revisions"}],"wp:featuredmedia":[{"embeddable":true,"href":"https:\/\/www.elvendrellturisme.com\/es\/wp-json\/wp\/v2\/media\/22153"}],"wp:attachment":[{"href":"https:\/\/www.elvendrellturisme.com\/es\/wp-json\/wp\/v2\/media?parent=24306"}],"wp:term":[{"taxonomy":"category","embeddable":true,"href":"https:\/\/www.elvendrellturisme.com\/es\/wp-json\/wp\/v2\/categories?post=24306"},{"taxonomy":"post_tag","embeddable":true,"href":"https:\/\/www.elvendrellturisme.com\/es\/wp-json\/wp\/v2\/tags?post=24306"},{"taxonomy":"dipi_cpt_category","embeddable":true,"href":"https:\/\/www.elvendrellturisme.com\/es\/wp-json\/wp\/v2\/dipi_cpt_category?post=24306"}],"curies":[{"name":"wp","href":"https:\/\/api.w.org\/{rel}","templated":true}]}}