{"id":24315,"date":"2011-05-05T09:37:37","date_gmt":"2011-05-05T09:37:37","guid":{"rendered":"http:\/\/tv.dms3labs.cat\/el-vendrell-actualiza-los-plafones-informativos-de-la-villa-para-potenciar-el-turismo-y-el-comercio\/"},"modified":"2011-05-05T09:37:37","modified_gmt":"2011-05-05T09:37:37","slug":"el-vendrell-actualiza-los-plafones-informativos-de-la-villa-para-potenciar-el-turismo-y-el-comercio","status":"publish","type":"post","link":"https:\/\/www.elvendrellturisme.com\/es\/el-vendrell-actualiza-los-plafones-informativos-de-la-villa-para-potenciar-el-turismo-y-el-comercio\/","title":{"rendered":"El Vendrell actualiza los plafones informativos de la villa para potenciar el turismo y el comercio"},"content":{"rendered":"<p>Un total de 12 plafones informativos luminosos ubicados en diferentes lugares estrat\u00e9gicos de la villa de Vendrell y de los barrios mar\u00edtimos han sido actualizados. Los nuevos mapas que se han colocado contribuyen a mejorar la ayuda que reciben los visitantes de Vendrell en la hora de ubicarse en cualquier de las calles de la villa y de encontrar los lugares de inter\u00e9s existentes. De este modo se ha actualizado el mapa de la trama urbana y se han ubicado los equipamientos, edificios, monumentos y otros elementos de atractivo general que tiene El Vendrell. Igualmente se han a\u00f1adido fotograf\u00edas de las potencialidades tur\u00edsticas, gastron\u00f3micas y culturales de la villa. <\/p>\n<p>La actualizaci\u00f3n de los plafones se ha llevado a cabo desde la oficina del Plan de Barrios con la colaboraci\u00f3n de diferentes concejal\u00edas del Ayuntamiento: Cultura, Turismo, Comercio y V\u00eda P\u00fablica. <\/p>\n<p>Se trata de una iniciativa que complementa la instalaci\u00f3n de la nueva se\u00f1alizaci\u00f3n direccional de peatones que d\u00edas atr\u00e1s tambi\u00e9n sali\u00f3 adelante la oficina del Plan de Barrios y que permitir\u00e1 contar con un conjunto de servicios de informaci\u00f3n plenamente actualizados para contribuir a potenciar el turismo y el comercio de toda la villa y del centro hist\u00f3rico en particular.<\/p>\n","protected":false},"excerpt":{"rendered":"<p>Un total de 12 plafones informativos luminosos ubicados en diferentes lugares estrat\u00e9gicos de la villa de Vendrell y de los barrios mar\u00edtimos han sido actualizados. Los nuevos mapas que se han colocado contribuyen a mejorar la ayuda que reciben los visitantes de Vendrell en la hora de ubicarse en cualquier de las calles de la [&hellip;]<\/p>\n","protected":false},"author":1,"featured_media":22169,"comment_status":"open","ping_status":"closed","sticky":false,"template":"","format":"standard","meta":{"_acf_changed":false,"_et_pb_use_builder":"","_et_pb_old_content":"","_et_gb_content_width":"","content-type":"","footnotes":""},"categories":[12],"tags":[],"dipi_cpt_category":[],"class_list":["post-24315","post","type-post","status-publish","format-standard","has-post-thumbnail","hentry","category-sin-categoria"],"acf":[],"_links":{"self":[{"href":"https:\/\/www.elvendrellturisme.com\/es\/wp-json\/wp\/v2\/posts\/24315","targetHints":{"allow":["GET"]}}],"collection":[{"href":"https:\/\/www.elvendrellturisme.com\/es\/wp-json\/wp\/v2\/posts"}],"about":[{"href":"https:\/\/www.elvendrellturisme.com\/es\/wp-json\/wp\/v2\/types\/post"}],"author":[{"embeddable":true,"href":"https:\/\/www.elvendrellturisme.com\/es\/wp-json\/wp\/v2\/users\/1"}],"replies":[{"embeddable":true,"href":"https:\/\/www.elvendrellturisme.com\/es\/wp-json\/wp\/v2\/comments?post=24315"}],"version-history":[{"count":0,"href":"https:\/\/www.elvendrellturisme.com\/es\/wp-json\/wp\/v2\/posts\/24315\/revisions"}],"wp:featuredmedia":[{"embeddable":true,"href":"https:\/\/www.elvendrellturisme.com\/es\/wp-json\/wp\/v2\/media\/22169"}],"wp:attachment":[{"href":"https:\/\/www.elvendrellturisme.com\/es\/wp-json\/wp\/v2\/media?parent=24315"}],"wp:term":[{"taxonomy":"category","embeddable":true,"href":"https:\/\/www.elvendrellturisme.com\/es\/wp-json\/wp\/v2\/categories?post=24315"},{"taxonomy":"post_tag","embeddable":true,"href":"https:\/\/www.elvendrellturisme.com\/es\/wp-json\/wp\/v2\/tags?post=24315"},{"taxonomy":"dipi_cpt_category","embeddable":true,"href":"https:\/\/www.elvendrellturisme.com\/es\/wp-json\/wp\/v2\/dipi_cpt_category?post=24315"}],"curies":[{"name":"wp","href":"https:\/\/api.w.org\/{rel}","templated":true}]}}