{"id":24316,"date":"2011-05-12T08:55:14","date_gmt":"2011-05-12T08:55:14","guid":{"rendered":"http:\/\/tv.dms3labs.cat\/dia-internacional-de-los-museos-2011\/"},"modified":"2011-05-12T08:55:14","modified_gmt":"2011-05-12T08:55:14","slug":"dia-internacional-de-los-museos-2011","status":"publish","type":"post","link":"https:\/\/www.elvendrellturisme.com\/es\/dia-internacional-de-los-museos-2011\/","title":{"rendered":"D\u00eda Internacional de los Museos 2011"},"content":{"rendered":"<p>El pr\u00f3ximo 18 de mayo se celebra el D\u00eda Internacional de los Museos. Bajo el lema \u201cMuseos y Memoria\u201d , se quiere reivindicar el museo como el lugar donde se conservan objetos fundamentales para la memoria de las comunidades en las qu\u00e9 vivimos. Objetos que son la expresi\u00f3n de nuestros patrimonios culturales y naturales.<br \/>\nLa Vil\u2022la Museo Pau Casals se adhiere como cada a\u00f1o a este d\u00eda celebrando Jornadas de Puertas Abiertas y actividades gratuitas para todos los p\u00fablicos. <\/p>\n<p>S\u00e1bado 14 de mayo <\/p>\n<p>10 a 14h y de 16 a 19h \u2013 Jornada de Puertas Abiertas <\/p>\n<p>10:30h &#8211; Visita guiada al Museo. Museos y Memoria: Los objetos como expresi\u00f3n de nuestro patrimonio. <\/p>\n<p>12h &#8211; Cuento musical \u201cEnric Granados y el recuerdo perdido\u201d &#8230; aquella ma\u00f1ana el joven Granados se quit\u00f3 con un recuerdo muy bonito e intenso\u2026se trataba de un olor especial, de un perfume de algo que se quer\u00eda&#8230;un narrador y m\u00fasicos en directo nos acabar\u00e1n de explicar la historia\u2026 no te lo pierdas! <\/p>\n<p>Edad recomendada de 3 a 7 a\u00f1os. Duraci\u00f3n de la actividad: 1h <\/p>\n<p>Domingo 15 de mayo <\/p>\n<p>10 a 14h \u2013 Jornada de Puertas Abiertas <\/p>\n<p>10:30h- Visita guiada al Museo. Museos y Memoria: Los objetos como expresi\u00f3n de nuestro patrimonio <\/p>\n<p>12h- Actividad en clave familiar &#8211; Qu\u00e9 os parece convertiros en los gu\u00edas de un museo? Padres, madres e hijos recorreremos la Vil\u2022la Museo Pau Casals en busca de objetos y pistas que nos ayudar\u00e1n a conocer qui\u00e9n era este gran m\u00fasico y a reflexionar sobre los caminos de la PAZ. <\/p>\n<p>Edad recomendada de 6 a 12 a\u00f1os. Duraci\u00f3n de la actividad 2h. Plazas limitadas <\/p>\n<p>Mi\u00e9rcoles 18 de mayo <\/p>\n<p>10 a 14h y de 16 a 18h \u2013 Jornada de Puertas Abiertas<\/p>\n","protected":false},"excerpt":{"rendered":"<p>El pr\u00f3ximo 18 de mayo se celebra el D\u00eda Internacional de los Museos. Bajo el lema \u201cMuseos y Memoria\u201d , se quiere reivindicar el museo como el lugar donde se conservan objetos fundamentales para la memoria de las comunidades en las qu\u00e9 vivimos. Objetos que son la expresi\u00f3n de nuestros patrimonios culturales y naturales. La [&hellip;]<\/p>\n","protected":false},"author":1,"featured_media":22171,"comment_status":"open","ping_status":"closed","sticky":false,"template":"","format":"standard","meta":{"_acf_changed":false,"_et_pb_use_builder":"","_et_pb_old_content":"","_et_gb_content_width":"","content-type":"","footnotes":""},"categories":[12],"tags":[],"dipi_cpt_category":[],"class_list":["post-24316","post","type-post","status-publish","format-standard","has-post-thumbnail","hentry","category-sin-categoria"],"acf":[],"_links":{"self":[{"href":"https:\/\/www.elvendrellturisme.com\/es\/wp-json\/wp\/v2\/posts\/24316","targetHints":{"allow":["GET"]}}],"collection":[{"href":"https:\/\/www.elvendrellturisme.com\/es\/wp-json\/wp\/v2\/posts"}],"about":[{"href":"https:\/\/www.elvendrellturisme.com\/es\/wp-json\/wp\/v2\/types\/post"}],"author":[{"embeddable":true,"href":"https:\/\/www.elvendrellturisme.com\/es\/wp-json\/wp\/v2\/users\/1"}],"replies":[{"embeddable":true,"href":"https:\/\/www.elvendrellturisme.com\/es\/wp-json\/wp\/v2\/comments?post=24316"}],"version-history":[{"count":0,"href":"https:\/\/www.elvendrellturisme.com\/es\/wp-json\/wp\/v2\/posts\/24316\/revisions"}],"wp:featuredmedia":[{"embeddable":true,"href":"https:\/\/www.elvendrellturisme.com\/es\/wp-json\/wp\/v2\/media\/22171"}],"wp:attachment":[{"href":"https:\/\/www.elvendrellturisme.com\/es\/wp-json\/wp\/v2\/media?parent=24316"}],"wp:term":[{"taxonomy":"category","embeddable":true,"href":"https:\/\/www.elvendrellturisme.com\/es\/wp-json\/wp\/v2\/categories?post=24316"},{"taxonomy":"post_tag","embeddable":true,"href":"https:\/\/www.elvendrellturisme.com\/es\/wp-json\/wp\/v2\/tags?post=24316"},{"taxonomy":"dipi_cpt_category","embeddable":true,"href":"https:\/\/www.elvendrellturisme.com\/es\/wp-json\/wp\/v2\/dipi_cpt_category?post=24316"}],"curies":[{"name":"wp","href":"https:\/\/api.w.org\/{rel}","templated":true}]}}