{"id":24328,"date":"2011-06-28T12:41:07","date_gmt":"2011-06-28T12:41:07","guid":{"rendered":"http:\/\/tv.dms3labs.cat\/exito-de-publico-a-la-25a-edicion-del-turismar\/"},"modified":"2011-06-28T12:41:07","modified_gmt":"2011-06-28T12:41:07","slug":"exito-de-publico-a-la-25a-edicion-del-turismar","status":"publish","type":"post","link":"https:\/\/www.elvendrellturisme.com\/es\/exito-de-publico-a-la-25a-edicion-del-turismar\/","title":{"rendered":"\u00c9xito de p\u00fablico a la 25a edici\u00f3n del Turismar"},"content":{"rendered":"<p>Coma-ruga ha sido el escenario, desde el pasado jueves 23 de junio hasta el domingo 26 de junio, de una nueva edici\u00f3n de la feria Turismar, la 25a, que sirve para dar simb\u00f3licamente el disparo de salida a la temporada de verano a las playas de Vendrell.<br \/>\nDesde el Patronato de Promoci\u00f3n Econ\u00f3mica, organizador del certamen,  ha valorado muy positivamente esta edici\u00f3n de la feria, puesto que la afluencia de p\u00fablico ha sido muy alta durante los cuatro d\u00edas, y la meteorolog\u00eda ha sido excelente, unos factores que han beneficiado tambi\u00e9n el comercio de las playas. <\/p>\n<p>En este sentido, la regidora de Turismo y Playas, \u00c0ngels Turdiu, ha a\u00f1adido que &quot;la afluencia de p\u00fablico al Turismar ha sido multitudinaria y podemos decir que la feria ha sido un disparo de salida esperanzador para la temporada de verano, puesto que las previsiones de ocupaci\u00f3n tur\u00edstica son muy buenas y el sector conf\u00eda en tener un buen verano&quot;.<br \/>\nLa feria se inaugur\u00f3 el pasado jueves por la tarde, con un acto presidido por el alcalde de Vendrell, Benet Jan\u00e9, y al cual tambi\u00e9n asistieron el delegado del gobierno en Tarragona, Quim Nin; el senador Josep Maldonado, y varios regidores y regidoras del consistorio vendrellenc. El acto incluy\u00f3 una actuaci\u00f3n de la Agrupaci\u00f3n Musical Santa Anna de Vendrell y la tradicional izada de la Bandera Azul de la playa de Coma-ruga. <\/p>\n<p>A pesar de la dif\u00edcil coyuntura econ\u00f3mica, el Turismar 2011 ha llenado como cada a\u00f1o la sexag\u00e9sima de estands multisectorials a la plaza Germans Trillas de Coma-ruga y los espacios anexos con propuestas l\u00fadicas y de ocio para todos los gustos. Con respecto a la venta de tickets de la 8a Muestra de cava del Baix Pened\u00e8s, esta ha llegado a las 3.200 degustaciones servidas, unas 500 m\u00e1s que el a\u00f1o pasado. <\/p>\n<p>Tambi\u00e9n ha tenido un gran \u00e9xito de p\u00fablico la 6a Encuentro de Gigantes que tuvo lugar s\u00e1bado por la tarde, y que fue organizada por el Grupo de Gigantes y Enanos de Vendrell. Esta fue una de las novedades del Turismar de este a\u00f1o, como tambi\u00e9n lo ha sido el reparto de raciones de xat\u00f3, con motivo de la celebraci\u00f3n del cuarto de siglo de la Xatonada Popular de Vendrell este 2011. <\/p>\n<p>As\u00ed mismo, la Feria ha servido al Patronato de Turismo para presentar al estand del Ayuntamiento de Vendrell la oferta de atractivos tur\u00edsticos y de actividades para este verano a las playas de Vendrell, como por ejemplo la nueva temporada del proyecto de enoturisme &quot;Tierra de vinos, Tierra de Pau Casals&quot; o las salidas de marcha n\u00f3rdica, entre otras.<\/p>\n","protected":false},"excerpt":{"rendered":"<p>Coma-ruga ha sido el escenario, desde el pasado jueves 23 de junio hasta el domingo 26 de junio, de una nueva edici\u00f3n de la feria Turismar, la 25a, que sirve para dar simb\u00f3licamente el disparo de salida a la temporada de verano a las playas de Vendrell. Desde el Patronato de Promoci\u00f3n Econ\u00f3mica, organizador del [&hellip;]<\/p>\n","protected":false},"author":1,"featured_media":22193,"comment_status":"open","ping_status":"closed","sticky":false,"template":"","format":"standard","meta":{"_acf_changed":false,"_et_pb_use_builder":"","_et_pb_old_content":"","_et_gb_content_width":"","content-type":"","footnotes":""},"categories":[12],"tags":[],"dipi_cpt_category":[],"class_list":["post-24328","post","type-post","status-publish","format-standard","has-post-thumbnail","hentry","category-sin-categoria"],"acf":[],"_links":{"self":[{"href":"https:\/\/www.elvendrellturisme.com\/es\/wp-json\/wp\/v2\/posts\/24328","targetHints":{"allow":["GET"]}}],"collection":[{"href":"https:\/\/www.elvendrellturisme.com\/es\/wp-json\/wp\/v2\/posts"}],"about":[{"href":"https:\/\/www.elvendrellturisme.com\/es\/wp-json\/wp\/v2\/types\/post"}],"author":[{"embeddable":true,"href":"https:\/\/www.elvendrellturisme.com\/es\/wp-json\/wp\/v2\/users\/1"}],"replies":[{"embeddable":true,"href":"https:\/\/www.elvendrellturisme.com\/es\/wp-json\/wp\/v2\/comments?post=24328"}],"version-history":[{"count":0,"href":"https:\/\/www.elvendrellturisme.com\/es\/wp-json\/wp\/v2\/posts\/24328\/revisions"}],"wp:featuredmedia":[{"embeddable":true,"href":"https:\/\/www.elvendrellturisme.com\/es\/wp-json\/wp\/v2\/media\/22193"}],"wp:attachment":[{"href":"https:\/\/www.elvendrellturisme.com\/es\/wp-json\/wp\/v2\/media?parent=24328"}],"wp:term":[{"taxonomy":"category","embeddable":true,"href":"https:\/\/www.elvendrellturisme.com\/es\/wp-json\/wp\/v2\/categories?post=24328"},{"taxonomy":"post_tag","embeddable":true,"href":"https:\/\/www.elvendrellturisme.com\/es\/wp-json\/wp\/v2\/tags?post=24328"},{"taxonomy":"dipi_cpt_category","embeddable":true,"href":"https:\/\/www.elvendrellturisme.com\/es\/wp-json\/wp\/v2\/dipi_cpt_category?post=24328"}],"curies":[{"name":"wp","href":"https:\/\/api.w.org\/{rel}","templated":true}]}}