{"id":24332,"date":"2011-07-12T17:05:12","date_gmt":"2011-07-12T17:05:12","guid":{"rendered":"http:\/\/tv.dms3labs.cat\/practicar-catalan-conociendo-el-vendrell\/"},"modified":"2011-07-12T17:05:12","modified_gmt":"2011-07-12T17:05:12","slug":"practicar-catalan-conociendo-el-vendrell","status":"publish","type":"post","link":"https:\/\/www.elvendrellturisme.com\/es\/practicar-catalan-conociendo-el-vendrell\/","title":{"rendered":"Practicar catal\u00e1n conociendo El Vendrell"},"content":{"rendered":"<p>Durante todo el mes de julio la oficina de Vendrell del Consorcio para la Normalizaci\u00f3n Lingu\u00edstica ofrece unas sesiones de conversaci\u00f3n a los alumnos que, a pesar de tener un nivel bastante avanzado para poder mantener una conversaci\u00f3n en catal\u00e1n, no tienen las condiciones adecuadas en su entorno para poder utilizarlo. Se trata de 10 sesiones en que, bajo el nombre de &quot;Hablamos de Vendrell&quot;, los alumnos practican el catal\u00e1n conociendo diferentes puntos de inter\u00e9s de la villa y la historia que los acompa\u00f1a. &quot;De este modo \u2013ha explicado el regidor de Educaci\u00f3n, Kenneth Mart\u00ednez-, ponemos al alcance de cualquier persona inscrita en este curso, las herramientas para conocer la identidad de nuestra villa a trav\u00e9s de la conversaci\u00f3n en nuestra lengua&quot;.<br \/>\nLas sesiones se desarrollan con unas visitas guiadas por diferentes lugares de Vendrell y con las conversaciones que tienen lugar posteriormente, con el tema de las visitas como principal motivo. Igualmente, la tutora de catal\u00e1n propone a los alumnos diversas unidades did\u00e1cticas relacionadas con el tema. <\/p>\n<p>Las salidas programadas son una ruta para saber algo m\u00e1s sobre los barrios (aprovechando la semana de las Fiestas de los Barrios) y una ruta de conocimiento de las puertas de Vendrell; el mundo de Vendrell y la cer\u00e1mica, con una visita en la Escuela Municipal de Arte Apelas Fenosa; un recorrido por la Villa Museo Pau Casals; el descubrimiento de las bestias de fuego y del Baile de Diablos y, por \u00faltimo, un paseo por la Fundaci\u00f3n Apelas Fenosa y el Portal del Pardo. <\/p>\n<p>El proyecto &quot;Hablamos de Vendrell&quot; se lleva a cabo cada lunes y mi\u00e9rcoles de julio y se hace gracias a la colaboraci\u00f3n entre el Consorcio para la Normalizaci\u00f3n Lingu\u00edstica y la Concejal\u00eda de Educaci\u00f3n, el Patronato Municipal de Servicios Culturales, la Escuela Municipal de Arte Apelas Fenosa, la Fundaci\u00f3n Apel\u2022las Fenosa, la Villa Museo Pau Casals y la Comisi\u00f3n de Fuego de Vendrell.<\/p>\n","protected":false},"excerpt":{"rendered":"<p>Durante todo el mes de julio la oficina de Vendrell del Consorcio para la Normalizaci\u00f3n Lingu\u00edstica ofrece unas sesiones de conversaci\u00f3n a los alumnos que, a pesar de tener un nivel bastante avanzado para poder mantener una conversaci\u00f3n en catal\u00e1n, no tienen las condiciones adecuadas en su entorno para poder utilizarlo. Se trata de 10 [&hellip;]<\/p>\n","protected":false},"author":1,"featured_media":22200,"comment_status":"open","ping_status":"closed","sticky":false,"template":"","format":"standard","meta":{"_acf_changed":false,"_et_pb_use_builder":"","_et_pb_old_content":"","_et_gb_content_width":"","content-type":"","footnotes":""},"categories":[12],"tags":[],"dipi_cpt_category":[],"class_list":["post-24332","post","type-post","status-publish","format-standard","has-post-thumbnail","hentry","category-sin-categoria"],"acf":[],"_links":{"self":[{"href":"https:\/\/www.elvendrellturisme.com\/es\/wp-json\/wp\/v2\/posts\/24332","targetHints":{"allow":["GET"]}}],"collection":[{"href":"https:\/\/www.elvendrellturisme.com\/es\/wp-json\/wp\/v2\/posts"}],"about":[{"href":"https:\/\/www.elvendrellturisme.com\/es\/wp-json\/wp\/v2\/types\/post"}],"author":[{"embeddable":true,"href":"https:\/\/www.elvendrellturisme.com\/es\/wp-json\/wp\/v2\/users\/1"}],"replies":[{"embeddable":true,"href":"https:\/\/www.elvendrellturisme.com\/es\/wp-json\/wp\/v2\/comments?post=24332"}],"version-history":[{"count":0,"href":"https:\/\/www.elvendrellturisme.com\/es\/wp-json\/wp\/v2\/posts\/24332\/revisions"}],"wp:featuredmedia":[{"embeddable":true,"href":"https:\/\/www.elvendrellturisme.com\/es\/wp-json\/wp\/v2\/media\/22200"}],"wp:attachment":[{"href":"https:\/\/www.elvendrellturisme.com\/es\/wp-json\/wp\/v2\/media?parent=24332"}],"wp:term":[{"taxonomy":"category","embeddable":true,"href":"https:\/\/www.elvendrellturisme.com\/es\/wp-json\/wp\/v2\/categories?post=24332"},{"taxonomy":"post_tag","embeddable":true,"href":"https:\/\/www.elvendrellturisme.com\/es\/wp-json\/wp\/v2\/tags?post=24332"},{"taxonomy":"dipi_cpt_category","embeddable":true,"href":"https:\/\/www.elvendrellturisme.com\/es\/wp-json\/wp\/v2\/dipi_cpt_category?post=24332"}],"curies":[{"name":"wp","href":"https:\/\/api.w.org\/{rel}","templated":true}]}}