{"id":24334,"date":"2011-07-14T19:52:08","date_gmt":"2011-07-14T19:52:08","guid":{"rendered":"http:\/\/tv.dms3labs.cat\/24334\/"},"modified":"2011-07-14T19:52:08","modified_gmt":"2011-07-14T19:52:08","slug":"24334","status":"publish","type":"post","link":"https:\/\/www.elvendrellturisme.com\/es\/24334\/","title":{"rendered":""},"content":{"rendered":"<p>Ayer por la tarde, en los jardines del Museo Deu, la regidora de Ciudadan\u00eda, Eva Moreno, y la Comisi\u00f3n de Fiestas, acompa\u00f1ados por representados de los grupos de cultura popular de Vendrell, presentaron el programa de actos de la Fiesta Mayor que se celebrar\u00e1 del 25 al 28 de julio. <\/p>\n<p>Con respecto a las novedades, se destac\u00f3: <\/p>\n<p>&#8211; el cambio de ubicaci\u00f3n de los conciertos: los d\u00edas 25 y 26 se har\u00e1n en la plaza de la Sardana, el d\u00eda 27 a la Rambla y el d\u00eda 28 en la plaza Nova (en los \u00faltimos a\u00f1os se hab\u00edan hecho en la zona del Botafoc); <\/p>\n<p>&#8211; la incorporaci\u00f3n del Baile de Faixes en el Pasacalle en honor a Santa Anna; <\/p>\n<p>&#8211; el estreno del Borinot de Fuego en el Pasacalle de Fuego, <\/p>\n<p>&#8211; y que el concierto de la orquesta del d\u00eda 26 se har\u00e1 a las 8 de la noche.<\/p>\n<p>La Fiesta arrancar\u00e1 oficialmente con el acto que tendr\u00e1 lugar el domingo 25 de julio a las 21.30 h de la noche en el Portal del Pardo (c\/ Cuatro Fuentes), que ir\u00e1 a cargo del Drag\u00f3n de fuego El Cabrot. <\/p>\n<p>La regidora de Ciudadan\u00eda, Eva Moreno, destac\u00f3 que &quot;a pesar del recorte presupuestario motivado por la crisis, la Comisi\u00f3n de Fiestas, con esfuerzo e imaginaci\u00f3n, ha vuelto a preparar un completo programa de actos&quot;. Por lo tanto, en la Fiesta Mayor de este a\u00f1o no faltar\u00e1n las sardanas, los grupos de cultura popular, los castillos, las madrugadas, los conciertos y bailes, las actividades infantiles, el cine a la fresca&#8230; <\/p>\n<p>Respecto a los conciertos, lunes 26 de julio actuar\u00e1 Brams como grupo principal.<\/p>\n","protected":false},"excerpt":{"rendered":"<p>Ayer por la tarde, en los jardines del Museo Deu, la regidora de Ciudadan\u00eda, Eva Moreno, y la Comisi\u00f3n de Fiestas, acompa\u00f1ados por representados de los grupos de cultura popular de Vendrell, presentaron el programa de actos de la Fiesta Mayor que se celebrar\u00e1 del 25 al 28 de julio. Con respecto a las novedades, [&hellip;]<\/p>\n","protected":false},"author":1,"featured_media":22204,"comment_status":"open","ping_status":"closed","sticky":false,"template":"","format":"standard","meta":{"_acf_changed":false,"_et_pb_use_builder":"","_et_pb_old_content":"","_et_gb_content_width":"","content-type":"","footnotes":""},"categories":[12],"tags":[],"dipi_cpt_category":[],"class_list":["post-24334","post","type-post","status-publish","format-standard","has-post-thumbnail","hentry","category-sin-categoria"],"acf":[],"_links":{"self":[{"href":"https:\/\/www.elvendrellturisme.com\/es\/wp-json\/wp\/v2\/posts\/24334","targetHints":{"allow":["GET"]}}],"collection":[{"href":"https:\/\/www.elvendrellturisme.com\/es\/wp-json\/wp\/v2\/posts"}],"about":[{"href":"https:\/\/www.elvendrellturisme.com\/es\/wp-json\/wp\/v2\/types\/post"}],"author":[{"embeddable":true,"href":"https:\/\/www.elvendrellturisme.com\/es\/wp-json\/wp\/v2\/users\/1"}],"replies":[{"embeddable":true,"href":"https:\/\/www.elvendrellturisme.com\/es\/wp-json\/wp\/v2\/comments?post=24334"}],"version-history":[{"count":0,"href":"https:\/\/www.elvendrellturisme.com\/es\/wp-json\/wp\/v2\/posts\/24334\/revisions"}],"wp:featuredmedia":[{"embeddable":true,"href":"https:\/\/www.elvendrellturisme.com\/es\/wp-json\/wp\/v2\/media\/22204"}],"wp:attachment":[{"href":"https:\/\/www.elvendrellturisme.com\/es\/wp-json\/wp\/v2\/media?parent=24334"}],"wp:term":[{"taxonomy":"category","embeddable":true,"href":"https:\/\/www.elvendrellturisme.com\/es\/wp-json\/wp\/v2\/categories?post=24334"},{"taxonomy":"post_tag","embeddable":true,"href":"https:\/\/www.elvendrellturisme.com\/es\/wp-json\/wp\/v2\/tags?post=24334"},{"taxonomy":"dipi_cpt_category","embeddable":true,"href":"https:\/\/www.elvendrellturisme.com\/es\/wp-json\/wp\/v2\/dipi_cpt_category?post=24334"}],"curies":[{"name":"wp","href":"https:\/\/api.w.org\/{rel}","templated":true}]}}