{"id":24335,"date":"2011-07-19T11:46:23","date_gmt":"2011-07-19T11:46:23","guid":{"rendered":"http:\/\/tv.dms3labs.cat\/la-ceramista-vendrellenca-roser-oter-expone-en-el-pardo-sus-ultimas-creaciones\/"},"modified":"2011-07-19T11:46:23","modified_gmt":"2011-07-19T11:46:23","slug":"la-ceramista-vendrellenca-roser-oter-expone-en-el-pardo-sus-ultimas-creaciones","status":"publish","type":"post","link":"https:\/\/www.elvendrellturisme.com\/es\/la-ceramista-vendrellenca-roser-oter-expone-en-el-pardo-sus-ultimas-creaciones\/","title":{"rendered":"La ceramista vendrellenca Roser Oter expone en el Pardo sus \u00faltimas creaciones"},"content":{"rendered":"<p>La artista de Vendrell, establecida en Santa Oliva, expondr\u00e1 una compilaci\u00f3n de sus obras cer\u00e1micas desde este viernes hasta el pr\u00f3ximo 20 de agosto en la Sala Portal del Pardo de Vendrell.<br \/>\nLa inauguraci\u00f3n de la exposici\u00f3n se har\u00e1 el viernes 20 de julio a las ocho de la noche, y a partir de entonces se podr\u00e1 visitar en el horario de verano de la sala: de lunes a viernes de seis a las ocho y media y s\u00e1bados de once a una y de seis a las ocho y media. Los domingos y festivos la sala permanecer\u00e1 cerrada. <\/p>\n<p>Oter traer\u00e1 al Pardo sus \u00faltimas creaciones, siempre alrededor del estilo figurativo que tanto caracteriza su obra. &quot;Emociones, poso de vivencias&quot; es c\u00f3mo ha querido titular la muestra que se podr\u00e1 ver al Pardo. Unas emociones que la traen a recrear en sus obras diferentes estados de \u00e1nimo, sensaciones, emociones&#8230;, y lo hace con figuras esquem\u00e1ticas, a las cuales no hacen falta detalles para expresar lo que busca su autora. <\/p>\n<p>Figuras sentadas en un apoyo elevado, leyendo, reflexionando, otros medio escondidas o recluidas en espacios medio cercados, juegos con las luces y las sombras y tambi\u00e9n con alg\u00fan que otro texto que contribuye a completar el conjunto. <\/p>\n<p>Roser Oter cuenta con una larga trayectoria en el mundo de la cer\u00e1mica, tanto en Catalu\u00f1a como en el resto del Estado espa\u00f1ol, ha participado tanto en exposiciones col\u2022lectivas c\u00f3mo individuales y ha recogido premios en varios cert\u00e1menes. <\/p>\n<p>La inauguraci\u00f3n de la muestra, viernes a las 20 h al Portal del Pardo, contar\u00e1 con una actuaci\u00f3n de m\u00fasica y danza, a cargo de Maria Trae Serrami\u00e0 al viol\u00edn y de la Escuela de Danza Raquel Juli\u00e0.<\/p>\n","protected":false},"excerpt":{"rendered":"<p>La artista de Vendrell, establecida en Santa Oliva, expondr\u00e1 una compilaci\u00f3n de sus obras cer\u00e1micas desde este viernes hasta el pr\u00f3ximo 20 de agosto en la Sala Portal del Pardo de Vendrell. La inauguraci\u00f3n de la exposici\u00f3n se har\u00e1 el viernes 20 de julio a las ocho de la noche, y a partir de entonces [&hellip;]<\/p>\n","protected":false},"author":1,"featured_media":22206,"comment_status":"open","ping_status":"closed","sticky":false,"template":"","format":"standard","meta":{"_acf_changed":false,"_et_pb_use_builder":"","_et_pb_old_content":"","_et_gb_content_width":"","content-type":"","footnotes":""},"categories":[12],"tags":[],"dipi_cpt_category":[],"class_list":["post-24335","post","type-post","status-publish","format-standard","has-post-thumbnail","hentry","category-sin-categoria"],"acf":[],"_links":{"self":[{"href":"https:\/\/www.elvendrellturisme.com\/es\/wp-json\/wp\/v2\/posts\/24335","targetHints":{"allow":["GET"]}}],"collection":[{"href":"https:\/\/www.elvendrellturisme.com\/es\/wp-json\/wp\/v2\/posts"}],"about":[{"href":"https:\/\/www.elvendrellturisme.com\/es\/wp-json\/wp\/v2\/types\/post"}],"author":[{"embeddable":true,"href":"https:\/\/www.elvendrellturisme.com\/es\/wp-json\/wp\/v2\/users\/1"}],"replies":[{"embeddable":true,"href":"https:\/\/www.elvendrellturisme.com\/es\/wp-json\/wp\/v2\/comments?post=24335"}],"version-history":[{"count":0,"href":"https:\/\/www.elvendrellturisme.com\/es\/wp-json\/wp\/v2\/posts\/24335\/revisions"}],"wp:featuredmedia":[{"embeddable":true,"href":"https:\/\/www.elvendrellturisme.com\/es\/wp-json\/wp\/v2\/media\/22206"}],"wp:attachment":[{"href":"https:\/\/www.elvendrellturisme.com\/es\/wp-json\/wp\/v2\/media?parent=24335"}],"wp:term":[{"taxonomy":"category","embeddable":true,"href":"https:\/\/www.elvendrellturisme.com\/es\/wp-json\/wp\/v2\/categories?post=24335"},{"taxonomy":"post_tag","embeddable":true,"href":"https:\/\/www.elvendrellturisme.com\/es\/wp-json\/wp\/v2\/tags?post=24335"},{"taxonomy":"dipi_cpt_category","embeddable":true,"href":"https:\/\/www.elvendrellturisme.com\/es\/wp-json\/wp\/v2\/dipi_cpt_category?post=24335"}],"curies":[{"name":"wp","href":"https:\/\/api.w.org\/{rel}","templated":true}]}}