{"id":24336,"date":"2011-07-19T12:04:08","date_gmt":"2011-07-19T12:04:08","guid":{"rendered":"http:\/\/tv.dms3labs.cat\/nueva-oportunidad-para-hacer-la-ruta-casals-con-audicion-de-organo\/"},"modified":"2011-07-19T12:04:08","modified_gmt":"2011-07-19T12:04:08","slug":"nueva-oportunidad-para-hacer-la-ruta-casals-con-audicion-de-organo","status":"publish","type":"post","link":"https:\/\/www.elvendrellturisme.com\/es\/nueva-oportunidad-para-hacer-la-ruta-casals-con-audicion-de-organo\/","title":{"rendered":"Nueva oportunidad para hacer la ruta Casals con audici\u00f3n de \u00f3rgano"},"content":{"rendered":"<p>Este s\u00e1bado 23 de julio tendr\u00e1 lugar la segunda edici\u00f3n de la ruta Casals con audici\u00f3n de \u00f3rgano, que organiza el Patronato Municipal de Servicios Culturales del Ayuntamiento de Vendrell, a trav\u00e9s de la Casa Nadiua y el Auditorio, en colaboraci\u00f3n con la Fundaci\u00f3n Pau Casals, la Asociaci\u00f3n Musical Pau Casals y los Amigos del \u00d3rgano.<br \/>\nEsta ruta permite a los ciudadanos de la villa y a los visitantes conocer los espacios vitales del Maestro a la poblaci\u00f3n que lo vio nacer y disfrutar de una audici\u00f3n del \u00f3rgano que \u00e9l mismo lleg\u00f3 a tocar y restaurar. <\/p>\n<p>La visita se iniciar\u00e1 en la Casa Nadiua de Pau Casals, donde se explicar\u00e1 la ni\u00f1ez y su vinculaci\u00f3n con El Vendrell. Desde all\u00ed se ir\u00e1 hacia la iglesia acompa\u00f1ados de un gu\u00eda que permitir\u00e1 ampliar el conocimiento sobre el pasado y el presente de Vendrell. Ya en la iglesia, el grupo subir\u00e1 al coraz\u00f3n, en el cual se le har\u00e1 la explicaci\u00f3n del \u00f3rgano y despu\u00e9s podr\u00e1 escuchar una audici\u00f3n interpretada por el organista, de prestigio, que haya realizado el concierto del d\u00eda anterior. <\/p>\n<p>Una vez finalizada la audici\u00f3n el grupo se desplazar\u00e1 a Sant Salvador para disfrutar de manera libre la visita a la Villa Museo Pau Casals y, opcionalmente, de la visita guiada en el Auditorio Pau Casals. <\/p>\n<p>La pr\u00f3xima visita es este mismo s\u00e1bado 23 de julio pero hay programadas otras, el pr\u00f3ximo 9 de agosto, el 24 de septiembre, el 22 de octubre y el 17 de diciembre. Para hacerlo hace falta una inscripci\u00f3n previa que se puede formalizar tanto en la Casa Nadiua como la Vil\u2022la Casals, o bien al tel\u00e9fono 977 18 13 88 (coordinaci\u00f3n de visitas). <\/p>\n<p>El coste de la ruta es de 8 euros por persona, mientras que la visita opcional en el Auditorio representar\u00e1 32 euros por grupo y se tiene que convenir el horario en el momento de la reserva. Adem\u00e1s, existe la posibilidad de contratar una audici\u00f3n personalizada en el mismo Auditorio. <\/p>\n<p>Los grupos de m\u00e1s de 15 personas, los vecinos de Vendrell, los jubilados, los parados, los estudiantes y los que tengan carnet de alberguista tendr\u00e1n una reducci\u00f3n en el precio de la ruta, este ser\u00e1 de 5,5 euros. <\/p>\n<p>Finalmente, las personas que hayan asistido al concierto de \u00f3rgano de la noche anterior podr\u00e1n hacer gratuitamente la visita y audici\u00f3n de \u00f3rgano de la ma\u00f1ana siguiente <\/p>\n<p>HORARIOS<br \/>\n\u2022 10.30 h visita guiada en la Casa nadiua de Pau Casals <\/p>\n<p>\u2022 11.15 h visita guiada en la iglesia y audici\u00f3n de \u00f3rgano <\/p>\n<p>\u2022 12.45 h visita libre a la Villa Casals-Museo Pau Casals <\/p>\n<p>\u2022 Visita guiada en el Auditorio Pau Casals (horarios a convenir)<\/p>\n","protected":false},"excerpt":{"rendered":"<p>Este s\u00e1bado 23 de julio tendr\u00e1 lugar la segunda edici\u00f3n de la ruta Casals con audici\u00f3n de \u00f3rgano, que organiza el Patronato Municipal de Servicios Culturales del Ayuntamiento de Vendrell, a trav\u00e9s de la Casa Nadiua y el Auditorio, en colaboraci\u00f3n con la Fundaci\u00f3n Pau Casals, la Asociaci\u00f3n Musical Pau Casals y los Amigos del [&hellip;]<\/p>\n","protected":false},"author":1,"featured_media":22208,"comment_status":"open","ping_status":"closed","sticky":false,"template":"","format":"standard","meta":{"_acf_changed":false,"_et_pb_use_builder":"","_et_pb_old_content":"","_et_gb_content_width":"","content-type":"","footnotes":""},"categories":[12],"tags":[],"dipi_cpt_category":[],"class_list":["post-24336","post","type-post","status-publish","format-standard","has-post-thumbnail","hentry","category-sin-categoria"],"acf":[],"_links":{"self":[{"href":"https:\/\/www.elvendrellturisme.com\/es\/wp-json\/wp\/v2\/posts\/24336","targetHints":{"allow":["GET"]}}],"collection":[{"href":"https:\/\/www.elvendrellturisme.com\/es\/wp-json\/wp\/v2\/posts"}],"about":[{"href":"https:\/\/www.elvendrellturisme.com\/es\/wp-json\/wp\/v2\/types\/post"}],"author":[{"embeddable":true,"href":"https:\/\/www.elvendrellturisme.com\/es\/wp-json\/wp\/v2\/users\/1"}],"replies":[{"embeddable":true,"href":"https:\/\/www.elvendrellturisme.com\/es\/wp-json\/wp\/v2\/comments?post=24336"}],"version-history":[{"count":0,"href":"https:\/\/www.elvendrellturisme.com\/es\/wp-json\/wp\/v2\/posts\/24336\/revisions"}],"wp:featuredmedia":[{"embeddable":true,"href":"https:\/\/www.elvendrellturisme.com\/es\/wp-json\/wp\/v2\/media\/22208"}],"wp:attachment":[{"href":"https:\/\/www.elvendrellturisme.com\/es\/wp-json\/wp\/v2\/media?parent=24336"}],"wp:term":[{"taxonomy":"category","embeddable":true,"href":"https:\/\/www.elvendrellturisme.com\/es\/wp-json\/wp\/v2\/categories?post=24336"},{"taxonomy":"post_tag","embeddable":true,"href":"https:\/\/www.elvendrellturisme.com\/es\/wp-json\/wp\/v2\/tags?post=24336"},{"taxonomy":"dipi_cpt_category","embeddable":true,"href":"https:\/\/www.elvendrellturisme.com\/es\/wp-json\/wp\/v2\/dipi_cpt_category?post=24336"}],"curies":[{"name":"wp","href":"https:\/\/api.w.org\/{rel}","templated":true}]}}