{"id":24342,"date":"2011-07-28T18:35:04","date_gmt":"2011-07-28T18:35:04","guid":{"rendered":"http:\/\/tv.dms3labs.cat\/inaugurado-el-complejo-deportivo-club-de-tenis-de-vendrell\/"},"modified":"2011-07-28T18:35:04","modified_gmt":"2011-07-28T18:35:04","slug":"inaugurado-el-complejo-deportivo-club-de-tenis-de-vendrell","status":"publish","type":"post","link":"https:\/\/www.elvendrellturisme.com\/es\/inaugurado-el-complejo-deportivo-club-de-tenis-de-vendrell\/","title":{"rendered":"Inaugurado el complejo deportivo Club de Tenis de Vendrell"},"content":{"rendered":"<p>El nuevo equipamiento nace con el objetivo de ser un referente comarcal en la pr\u00e1ctica del tenis y el p\u00e0del.<br \/>\nDesde este pasado s\u00e1bado 23 de julio ya se encuentran oficialmente en funcionamiento las instalaciones del Complejo Deportivo Club de Tenis de Vendrell. El nuevo equipamiento municipal dispone de un pabell\u00f3n polideportivo y una piscina descubierta, a pesar de que su principal punto diferencial es la importancia que se da a los deportes de raqueta, con tres pistas de tenis y tres pistas de p\u00e0del. De este modo, el objetivo del complejo es acontecer un referente de estos deportes no s\u00f3lo en Vendrell sino, por extensi\u00f3n, al resto del Baix Pened\u00e8s. <\/p>\n<p>Como muestra de esta vocaci\u00f3n, hay que destacar la presencia durante el acto de inauguraci\u00f3n del presidente de la Federaci\u00f3n Catalana de Tenis, Francesc Orriols, y del extennista ganador de Roland Garros, Andr\u00e9s Gimeno. <\/p>\n<p>Durante los parlamentos inaugurales tambi\u00e9n se pon\u00eda el \u00e9nfasis en la diversidad de opciones deportivas que se pueden encontrar al complejo deportivo Club de Tenis de Vendrell. As\u00ed pues, el alcalde, Benet Jan\u00e9, destac\u00f3 que &quot;todo este esfuerzo que ponemos a disposici\u00f3n de Vendrell y de la comarca lo tenemos que saber valorar, hoy m\u00e1s que nunca, ya no como esfuerzo individual del Ayuntamiento sino como el de todos los vendrellencs y vendrellenques&quot;. <\/p>\n<p>Por su parte, el regidor de Deportes, Sergi Teruel, quiso destacar su deseo que &quot;estas instalaciones sean aprovechadas, no s\u00f3lo por Vendrell, sino por toda la comarca y que dentro de unos a\u00f1os podamos decir que el complejo ha dado sus frutos con muchos deportistas del mundo de la raqueta que hayan salido de aqu\u00ed&quot;. <\/p>\n<p>El acto de inauguraci\u00f3n sirvi\u00f3 tambi\u00e9n porque el que ha sido regidor de Deportes hasta esta legislatura, el diputado del Parlamento de Catalu\u00f1a y regidor de Convivencia y Civismo y Gesti\u00f3n de Residuos, Jaume Domingo, agradeciera el trabajo &quot;a todas aquellas personas que a lo largo de todos estos a\u00f1os, de manera desinteresada, desde las entidades han hecho un gran trabajo por el deporte vendrellenc&quot;.<\/p>\n","protected":false},"excerpt":{"rendered":"<p>El nuevo equipamiento nace con el objetivo de ser un referente comarcal en la pr\u00e1ctica del tenis y el p\u00e0del. Desde este pasado s\u00e1bado 23 de julio ya se encuentran oficialmente en funcionamiento las instalaciones del Complejo Deportivo Club de Tenis de Vendrell. El nuevo equipamiento municipal dispone de un pabell\u00f3n polideportivo y una piscina [&hellip;]<\/p>\n","protected":false},"author":1,"featured_media":22220,"comment_status":"open","ping_status":"closed","sticky":false,"template":"","format":"standard","meta":{"_acf_changed":false,"_et_pb_use_builder":"","_et_pb_old_content":"","_et_gb_content_width":"","content-type":"","footnotes":""},"categories":[12],"tags":[],"dipi_cpt_category":[],"class_list":["post-24342","post","type-post","status-publish","format-standard","has-post-thumbnail","hentry","category-sin-categoria"],"acf":[],"_links":{"self":[{"href":"https:\/\/www.elvendrellturisme.com\/es\/wp-json\/wp\/v2\/posts\/24342","targetHints":{"allow":["GET"]}}],"collection":[{"href":"https:\/\/www.elvendrellturisme.com\/es\/wp-json\/wp\/v2\/posts"}],"about":[{"href":"https:\/\/www.elvendrellturisme.com\/es\/wp-json\/wp\/v2\/types\/post"}],"author":[{"embeddable":true,"href":"https:\/\/www.elvendrellturisme.com\/es\/wp-json\/wp\/v2\/users\/1"}],"replies":[{"embeddable":true,"href":"https:\/\/www.elvendrellturisme.com\/es\/wp-json\/wp\/v2\/comments?post=24342"}],"version-history":[{"count":0,"href":"https:\/\/www.elvendrellturisme.com\/es\/wp-json\/wp\/v2\/posts\/24342\/revisions"}],"wp:featuredmedia":[{"embeddable":true,"href":"https:\/\/www.elvendrellturisme.com\/es\/wp-json\/wp\/v2\/media\/22220"}],"wp:attachment":[{"href":"https:\/\/www.elvendrellturisme.com\/es\/wp-json\/wp\/v2\/media?parent=24342"}],"wp:term":[{"taxonomy":"category","embeddable":true,"href":"https:\/\/www.elvendrellturisme.com\/es\/wp-json\/wp\/v2\/categories?post=24342"},{"taxonomy":"post_tag","embeddable":true,"href":"https:\/\/www.elvendrellturisme.com\/es\/wp-json\/wp\/v2\/tags?post=24342"},{"taxonomy":"dipi_cpt_category","embeddable":true,"href":"https:\/\/www.elvendrellturisme.com\/es\/wp-json\/wp\/v2\/dipi_cpt_category?post=24342"}],"curies":[{"name":"wp","href":"https:\/\/api.w.org\/{rel}","templated":true}]}}