{"id":24346,"date":"2011-08-10T09:49:14","date_gmt":"2011-08-10T09:49:14","guid":{"rendered":"http:\/\/tv.dms3labs.cat\/el-ayuntamiento-de-vendrell-apela-a-la-responsabilidad-de-los-banistas-y-reitera-que-las-playas-del-municipio-son-absolutamente-seguras\/"},"modified":"2011-08-10T09:49:14","modified_gmt":"2011-08-10T09:49:14","slug":"el-ayuntamiento-de-vendrell-apela-a-la-responsabilidad-de-los-banistas-y-reitera-que-las-playas-del-municipio-son-absolutamente-seguras","status":"publish","type":"post","link":"https:\/\/www.elvendrellturisme.com\/es\/el-ayuntamiento-de-vendrell-apela-a-la-responsabilidad-de-los-banistas-y-reitera-que-las-playas-del-municipio-son-absolutamente-seguras\/","title":{"rendered":"El Ayuntamiento de Vendrell apela a la responsabilidad de los ba\u00f1istas y reitera que las playas del municipio son absolutamente seguras"},"content":{"rendered":"<p>El Ayuntamiento de Vendrell ha sido la sede esta tarde de una reuni\u00f3n de urgencia entre representantes del consistorio vendrellenc, la Cruz Roja del Baix Pened\u00e8s, la Direcci\u00f3n general de Protecci\u00f3n Civil, la Delegaci\u00f3n del Gobierno en Tarragona, el Club N\u00e1utico de Coma-ruga, los Mossos d&#8217;esquadra y la Polic\u00eda local para analizar las circunstancias de los tres ahogados mortales que se han producido en los \u00faltimos d\u00edas a la playa de Coma-ruga, en concreto, en la zona del Puerto.<br \/>\nSeg\u00fan el alcalde de Vendrell, Benet Jan\u00e9, la reuni\u00f3n ha servido para constatar que los tres accidentes han sido causados por imprudencias de los ba\u00f1istas, puesto que en los tres casos, las v\u00edctimas se estaban ba\u00f1ando en una zona prohibida y debidamente se\u00f1alizada, y ondeaba, adem\u00e1s, bandera roja. As\u00ed lo ha corroborado tambi\u00e9n el coordinador del servicios de la Cruz Roja a las playas de Vendrell, Dani Montserrat, que ha explicado que la zona del Puerto donde se han producido los ofegaments est\u00e1 prohibida al ba\u00f1o y debidamente se\u00f1alizada con seis carteles, en forma de pictograma, col\u2022locats en la valla del Puerto y con una l\u00ednea de boyas. Montserrat ha puntualizado que habr\u00e1 que esperar que se confirme la causa de la muerte, ayer por la tarde, de un ba\u00f1ista de 67 a\u00f1os, puesto que podr\u00eda haber sufrido un ataque de coraz\u00f3n. A\u00fan as\u00ed, ha recordado que ayer tambi\u00e9n ondeaba bandera roja en las playas de Vendrell. <\/p>\n<p>A pesar de lamentar los sucesos de los \u00faltimos d\u00edas, el alcalde ha reiterado que las playas de Vendrell &quot;son de m\u00e1xima seguridad, est\u00e1n debidamente se\u00f1alizadas y cuentan con los servicios adecuados de la Cruz Roja&quot;. En este sentido, ha recordado que la Cruz Roja dispone de 22 personas para atender el litoral vendrellenc, adem\u00e1s de dos embarcaciones, un quad, una ambulancia y los servicios de helic\u00f3ptero del RACC y del SEM, cuando son necesarios. <\/p>\n<p>Jan\u00e9 ha afirmado que &quot;luchar contra las imprudencias de las personas es muy dif\u00edcil, pero nosotros, como administraci\u00f3n, no bajaremos la guardia&quot;. Por esto, ha reiterado el alcalde, se continuar\u00e1 con los servicios de vigilancia y se estudiar\u00e1 la posibilidad de aplicar sanciones en las personas que se ba\u00f1en todo y la se\u00f1alizaci\u00f3n de bandera roja. Sobre esta medida, pero, el alcalde ha a\u00f1adido que hay que analizarla con m\u00e1s detenimiento para decidir si finalmente se sale adelante.<br \/>\nEl que s\u00ed que se ha concretado ya es que los d\u00edas en que ondee bandera roja en las playas vendrellenques, un polic\u00eda municipal apoyar\u00e1 a los socorristas de la Cruz Roja a la hora de velar porque se cumpla la prohibici\u00f3n al ba\u00f1o en la zona de la bocana izquierda del Puerto de Coma-ruga. As\u00ed mismo, la Cruz Roja ha reforzado las se\u00f1ales de prohibici\u00f3n de la zona con la instal\u2022laci\u00f3 de una bandera roja permanente en este punto. <\/p>\n<p>Por su parte, el delegado del Gobierno, Quim Nin, ha hecho un reclamo a la responsabilidad de los usuarios de las playas y ha manifestado que &quot;hace falta que los usuarios hagan caso a las personas que velan por la seguridad en las playas, puesto que los consejos que dan son por su bien&quot;. &quot;La gente tiene que ser autoresponsable de su seguridad&quot;, ha sentenciado el delegado.<\/p>\n","protected":false},"excerpt":{"rendered":"<p>El Ayuntamiento de Vendrell ha sido la sede esta tarde de una reuni\u00f3n de urgencia entre representantes del consistorio vendrellenc, la Cruz Roja del Baix Pened\u00e8s, la Direcci\u00f3n general de Protecci\u00f3n Civil, la Delegaci\u00f3n del Gobierno en Tarragona, el Club N\u00e1utico de Coma-ruga, los Mossos d&#8217;esquadra y la Polic\u00eda local para analizar las circunstancias de [&hellip;]<\/p>\n","protected":false},"author":1,"featured_media":22228,"comment_status":"open","ping_status":"closed","sticky":false,"template":"","format":"standard","meta":{"_acf_changed":false,"_et_pb_use_builder":"","_et_pb_old_content":"","_et_gb_content_width":"","content-type":"","footnotes":""},"categories":[12],"tags":[],"dipi_cpt_category":[],"class_list":["post-24346","post","type-post","status-publish","format-standard","has-post-thumbnail","hentry","category-sin-categoria"],"acf":[],"_links":{"self":[{"href":"https:\/\/www.elvendrellturisme.com\/es\/wp-json\/wp\/v2\/posts\/24346","targetHints":{"allow":["GET"]}}],"collection":[{"href":"https:\/\/www.elvendrellturisme.com\/es\/wp-json\/wp\/v2\/posts"}],"about":[{"href":"https:\/\/www.elvendrellturisme.com\/es\/wp-json\/wp\/v2\/types\/post"}],"author":[{"embeddable":true,"href":"https:\/\/www.elvendrellturisme.com\/es\/wp-json\/wp\/v2\/users\/1"}],"replies":[{"embeddable":true,"href":"https:\/\/www.elvendrellturisme.com\/es\/wp-json\/wp\/v2\/comments?post=24346"}],"version-history":[{"count":0,"href":"https:\/\/www.elvendrellturisme.com\/es\/wp-json\/wp\/v2\/posts\/24346\/revisions"}],"wp:featuredmedia":[{"embeddable":true,"href":"https:\/\/www.elvendrellturisme.com\/es\/wp-json\/wp\/v2\/media\/22228"}],"wp:attachment":[{"href":"https:\/\/www.elvendrellturisme.com\/es\/wp-json\/wp\/v2\/media?parent=24346"}],"wp:term":[{"taxonomy":"category","embeddable":true,"href":"https:\/\/www.elvendrellturisme.com\/es\/wp-json\/wp\/v2\/categories?post=24346"},{"taxonomy":"post_tag","embeddable":true,"href":"https:\/\/www.elvendrellturisme.com\/es\/wp-json\/wp\/v2\/tags?post=24346"},{"taxonomy":"dipi_cpt_category","embeddable":true,"href":"https:\/\/www.elvendrellturisme.com\/es\/wp-json\/wp\/v2\/dipi_cpt_category?post=24346"}],"curies":[{"name":"wp","href":"https:\/\/api.w.org\/{rel}","templated":true}]}}