{"id":24348,"date":"2011-08-11T10:24:37","date_gmt":"2011-08-11T10:24:37","guid":{"rendered":"http:\/\/tv.dms3labs.cat\/el-vendrell-promueve-la-cultura-urbana-con-un-nuevo-proyecto\/"},"modified":"2011-08-11T10:24:37","modified_gmt":"2011-08-11T10:24:37","slug":"el-vendrell-promueve-la-cultura-urbana-con-un-nuevo-proyecto","status":"publish","type":"post","link":"https:\/\/www.elvendrellturisme.com\/es\/el-vendrell-promueve-la-cultura-urbana-con-un-nuevo-proyecto\/","title":{"rendered":"El Vendrell promueve la cultura urbana con un nuevo proyecto"},"content":{"rendered":"<p>El Ayuntamiento de Vendrell ha impulsado un nuevo proyecto llamado El Vendrell. La Cultura urbana con el que pretende dar a conocer el arte urbano que se hace por las calles, el arte de los j\u00f3venes. &quot;As\u00ed se quiere potenciar otra parte de la cultura que no encontramos en los circuitos habituales de difusi\u00f3n art\u00edstica, pero que no por esto deja de ser interesante y atractiva&quot;, seg\u00fan ha explicado la regidora de Juventud, Eva Moreno.<br \/>\nSe trata de dedicar una jornada, concretamente la de s\u00e1bado 1 de octubre, a la muestra de diferentes expresiones de este tipo de cultura. Habr\u00e1 la participaci\u00f3n de varios expertos, as\u00ed como tambi\u00e9n de j\u00f3venes de 16 a 35 a\u00f1os, interesados en la cultura urbana y estar\u00e1 abierto al p\u00fablico en general. La jornada tendr\u00e1 lugar a partir de las 11 de la ma\u00f1ana al paseo de las B\u00f2biles y las actividades se alargar\u00e1n hasta la noche. <\/p>\n<p>Hay actividades en las cuales se requiere inscripci\u00f3n previa y otros en las cuales tan s\u00f3lo hay que acercarse a la riera y participar. Es el caso, por ejemplo, del concurso de grafitos, en los que los participantes tendr\u00e1n que presentar un esbozo del dibujo que quieren hacer y de estos se seleccionar\u00e1n 20 que ser\u00e1n los que finalmente cubrir\u00e1n las paredes de la riera de la Bisbal. Con esta actividad, a la vez, se contribuir\u00e1 a dignificar el espacio. <\/p>\n<p>Los objetivos del certamen son b\u00e1sicamente los de apoyar la creaci\u00f3n joven contempor\u00e1nea, dar a conocer y potenciar la cultura del hip hop y convertir el paseo de las B\u00f2biles en el rinc\u00f3n del Arte (junto con otras actividades como por ejemplo la celebraci\u00f3n de la Feria de Cer\u00e1mica). <\/p>\n<p>El proyecto lo llevan a cabo las concejal\u00edas de Cultura, Juventud y Convivencia y Civismo junto con el \u00e1rea de Pla de Barrios.<\/p>\n","protected":false},"excerpt":{"rendered":"<p>El Ayuntamiento de Vendrell ha impulsado un nuevo proyecto llamado El Vendrell. La Cultura urbana con el que pretende dar a conocer el arte urbano que se hace por las calles, el arte de los j\u00f3venes. &quot;As\u00ed se quiere potenciar otra parte de la cultura que no encontramos en los circuitos habituales de difusi\u00f3n art\u00edstica, [&hellip;]<\/p>\n","protected":false},"author":1,"featured_media":22232,"comment_status":"open","ping_status":"closed","sticky":false,"template":"","format":"standard","meta":{"_acf_changed":false,"_et_pb_use_builder":"","_et_pb_old_content":"","_et_gb_content_width":"","content-type":"","footnotes":""},"categories":[12],"tags":[],"dipi_cpt_category":[],"class_list":["post-24348","post","type-post","status-publish","format-standard","has-post-thumbnail","hentry","category-sin-categoria"],"acf":[],"_links":{"self":[{"href":"https:\/\/www.elvendrellturisme.com\/es\/wp-json\/wp\/v2\/posts\/24348","targetHints":{"allow":["GET"]}}],"collection":[{"href":"https:\/\/www.elvendrellturisme.com\/es\/wp-json\/wp\/v2\/posts"}],"about":[{"href":"https:\/\/www.elvendrellturisme.com\/es\/wp-json\/wp\/v2\/types\/post"}],"author":[{"embeddable":true,"href":"https:\/\/www.elvendrellturisme.com\/es\/wp-json\/wp\/v2\/users\/1"}],"replies":[{"embeddable":true,"href":"https:\/\/www.elvendrellturisme.com\/es\/wp-json\/wp\/v2\/comments?post=24348"}],"version-history":[{"count":0,"href":"https:\/\/www.elvendrellturisme.com\/es\/wp-json\/wp\/v2\/posts\/24348\/revisions"}],"wp:featuredmedia":[{"embeddable":true,"href":"https:\/\/www.elvendrellturisme.com\/es\/wp-json\/wp\/v2\/media\/22232"}],"wp:attachment":[{"href":"https:\/\/www.elvendrellturisme.com\/es\/wp-json\/wp\/v2\/media?parent=24348"}],"wp:term":[{"taxonomy":"category","embeddable":true,"href":"https:\/\/www.elvendrellturisme.com\/es\/wp-json\/wp\/v2\/categories?post=24348"},{"taxonomy":"post_tag","embeddable":true,"href":"https:\/\/www.elvendrellturisme.com\/es\/wp-json\/wp\/v2\/tags?post=24348"},{"taxonomy":"dipi_cpt_category","embeddable":true,"href":"https:\/\/www.elvendrellturisme.com\/es\/wp-json\/wp\/v2\/dipi_cpt_category?post=24348"}],"curies":[{"name":"wp","href":"https:\/\/api.w.org\/{rel}","templated":true}]}}