{"id":24349,"date":"2011-08-18T18:40:03","date_gmt":"2011-08-18T18:40:03","guid":{"rendered":"http:\/\/tv.dms3labs.cat\/la-policia-local-denuncia-un-hombre-por-banarse-en-la-zona-prohibida-al-bano-de-coma-ruga-y-por-desobediencia\/"},"modified":"2011-08-18T18:40:03","modified_gmt":"2011-08-18T18:40:03","slug":"la-policia-local-denuncia-un-hombre-por-banarse-en-la-zona-prohibida-al-bano-de-coma-ruga-y-por-desobediencia","status":"publish","type":"post","link":"https:\/\/www.elvendrellturisme.com\/es\/la-policia-local-denuncia-un-hombre-por-banarse-en-la-zona-prohibida-al-bano-de-coma-ruga-y-por-desobediencia\/","title":{"rendered":"La Polic\u00eda local denuncia un hombre por ba\u00f1arse en la zona prohibida al ba\u00f1o de Coma-ruga y por desobediencia"},"content":{"rendered":"<p>El pasado martes por la tarde, una patrulla de la Polic\u00eda local de Vendrell hizo varios avisos a un hombre de unos 80 a\u00f1os para que saliera del agua, puesto que se estaba ba\u00f1ando en la zona prohibida al ba\u00f1o cercana al puerto de Coma-ruga.<br \/>\nReiteradamente, esta persona hizo caso omiso de las indicaciones de los agentes para salir del agua y, adem\u00e1s, los insult\u00f3. Por todo esto, se ha procedido administrativamente con una denuncia por ba\u00f1arse en una zona prohibida al ba\u00f1o y tambi\u00e9n penalmente por desobediencia reiterada y por insultos a los agentes. <\/p>\n<p>La denuncia administrativa se basa en el art\u00edculo 91 de la Ley de Costas 22\/1988, de 28 de julio, que recoge como infracci\u00f3n las acciones u omisiones que impliquen un riesgo para la salud o seguridad de vidas humanas. La sanci\u00f3n, que tendr\u00e1 que ser determinada por la Junta de Gobierno del Ayuntamiento de Vendrell, puede llegar hasta 6.000 euros. <\/p>\n<p>Se recuerda que este verano en esta zona prohibida al ba\u00f1o, debidamente se\u00f1alizada, ha habido tres ahogados mortales, por lo cual se hizo una reuni\u00f3n de urgencia el pasado 8 de agosto entre representantes del consistorio vendrellenc, la Cruz Roja del Baix Pened\u00e8s, la Direcci\u00f3n general de Protecci\u00f3n Civil, la Delegaci\u00f3n del Gobierno en Tarragona, el Club N\u00e1utico de Coma-ruga, los Mossos d&#8217;esquadra y la Polic\u00eda local. En esta reuni\u00f3n se lleg\u00f3 a la conclusi\u00f3n que las tres muertos fueron debido a la imprudencia de los ba\u00f1istas y, por lo tanto, se anunci\u00f3 la posibilidad de aplicar sanciones.<\/p>\n","protected":false},"excerpt":{"rendered":"<p>El pasado martes por la tarde, una patrulla de la Polic\u00eda local de Vendrell hizo varios avisos a un hombre de unos 80 a\u00f1os para que saliera del agua, puesto que se estaba ba\u00f1ando en la zona prohibida al ba\u00f1o cercana al puerto de Coma-ruga. Reiteradamente, esta persona hizo caso omiso de las indicaciones de [&hellip;]<\/p>\n","protected":false},"author":1,"featured_media":26025,"comment_status":"open","ping_status":"closed","sticky":false,"template":"","format":"standard","meta":{"_acf_changed":false,"_et_pb_use_builder":"","_et_pb_old_content":"","_et_gb_content_width":"","content-type":"","footnotes":""},"categories":[12],"tags":[],"dipi_cpt_category":[],"class_list":["post-24349","post","type-post","status-publish","format-standard","has-post-thumbnail","hentry","category-sin-categoria"],"acf":[],"_links":{"self":[{"href":"https:\/\/www.elvendrellturisme.com\/es\/wp-json\/wp\/v2\/posts\/24349","targetHints":{"allow":["GET"]}}],"collection":[{"href":"https:\/\/www.elvendrellturisme.com\/es\/wp-json\/wp\/v2\/posts"}],"about":[{"href":"https:\/\/www.elvendrellturisme.com\/es\/wp-json\/wp\/v2\/types\/post"}],"author":[{"embeddable":true,"href":"https:\/\/www.elvendrellturisme.com\/es\/wp-json\/wp\/v2\/users\/1"}],"replies":[{"embeddable":true,"href":"https:\/\/www.elvendrellturisme.com\/es\/wp-json\/wp\/v2\/comments?post=24349"}],"version-history":[{"count":0,"href":"https:\/\/www.elvendrellturisme.com\/es\/wp-json\/wp\/v2\/posts\/24349\/revisions"}],"wp:featuredmedia":[{"embeddable":true,"href":"https:\/\/www.elvendrellturisme.com\/es\/wp-json\/wp\/v2\/media\/26025"}],"wp:attachment":[{"href":"https:\/\/www.elvendrellturisme.com\/es\/wp-json\/wp\/v2\/media?parent=24349"}],"wp:term":[{"taxonomy":"category","embeddable":true,"href":"https:\/\/www.elvendrellturisme.com\/es\/wp-json\/wp\/v2\/categories?post=24349"},{"taxonomy":"post_tag","embeddable":true,"href":"https:\/\/www.elvendrellturisme.com\/es\/wp-json\/wp\/v2\/tags?post=24349"},{"taxonomy":"dipi_cpt_category","embeddable":true,"href":"https:\/\/www.elvendrellturisme.com\/es\/wp-json\/wp\/v2\/dipi_cpt_category?post=24349"}],"curies":[{"name":"wp","href":"https:\/\/api.w.org\/{rel}","templated":true}]}}