{"id":24366,"date":"2011-10-20T12:09:34","date_gmt":"2011-10-20T12:09:34","guid":{"rendered":"http:\/\/tv.dms3labs.cat\/el-museo-arqueologico-de-vendrell-participa-en-las-jornadas-de-arqueologia-del-penedes\/"},"modified":"2011-10-20T12:09:34","modified_gmt":"2011-10-20T12:09:34","slug":"el-museo-arqueologico-de-vendrell-participa-en-las-jornadas-de-arqueologia-del-penedes","status":"publish","type":"post","link":"https:\/\/www.elvendrellturisme.com\/es\/el-museo-arqueologico-de-vendrell-participa-en-las-jornadas-de-arqueologia-del-penedes\/","title":{"rendered":"El Museo Arqueol\u00f3gico de Vendrell participa en las Jornadas de Arqueolog\u00eda del Pened\u00e9s"},"content":{"rendered":"<p>Las \u00faltimas actuaciones arqueol\u00f3gicas que se han llevado a cabo en la zona del Pened\u00e9s y del Garraf ser\u00e1n las protagonistas de las pr\u00f3ximas Jornadas de Arqueolog\u00eda del Pened\u00e9s que se celebrar\u00e1n los pr\u00f3ximos d\u00edas 21 y 22 de octubre en Vilafranca del Pened\u00e9s.El Museo Arqueol\u00f3gico de Vendrell organiza estas Jornadas junto con el Instituto de Estudios Penedesencs (IEP), el Grupo de Estudios Sitgetans, el Museo de las Culturas del Vino de Catalu\u00f1a (Vinseum), la secci\u00f3n de Ol\u00e8rdola del Museo de Arqueolog\u00eda de Catalu\u00f1a y el Departamento de Cultura de la Generalitat de Catalu\u00f1a.<br \/>\nLas Jornadas se iniciar\u00e1n viernes a las 16 h al Foro Berger Balaguer (Caja Pened\u00e8s. Rambla de Nuestra Se\u00f1ora, 6) con la presentaci\u00f3n de las Jornadas y la celebraci\u00f3n de las primeras conferencias. S\u00e1bado la actividad de las jornadas se trasladar\u00e1 al Vinseum, donde desde las 9.30 h tendr\u00e1n lugar el resto de charlas y debates programados. <\/p>\n<p>Las Jornadas son una buena ocasi\u00f3n de ponerse al d\u00eda alrededor de las \u00faltimas novedades y descubrimientos respecto al patrimonio arqueol\u00f3gico del Pened\u00e8s y a la vegada representan una herramienta para dar a conocer a la sociedad en general la tarea que se est\u00e1 llevando a cabo desde varias instituciones como por ejemplo el Museo de Arqueolog\u00eda de Vendrell.<\/p>\n","protected":false},"excerpt":{"rendered":"<p>Las \u00faltimas actuaciones arqueol\u00f3gicas que se han llevado a cabo en la zona del Pened\u00e9s y del Garraf ser\u00e1n las protagonistas de las pr\u00f3ximas Jornadas de Arqueolog\u00eda del Pened\u00e9s que se celebrar\u00e1n los pr\u00f3ximos d\u00edas 21 y 22 de octubre en Vilafranca del Pened\u00e9s.El Museo Arqueol\u00f3gico de Vendrell organiza estas Jornadas junto con el Instituto [&hellip;]<\/p>\n","protected":false},"author":1,"featured_media":22266,"comment_status":"open","ping_status":"closed","sticky":false,"template":"","format":"standard","meta":{"_acf_changed":false,"_et_pb_use_builder":"","_et_pb_old_content":"","_et_gb_content_width":"","content-type":"","footnotes":""},"categories":[12],"tags":[],"dipi_cpt_category":[],"class_list":["post-24366","post","type-post","status-publish","format-standard","has-post-thumbnail","hentry","category-sin-categoria"],"acf":[],"_links":{"self":[{"href":"https:\/\/www.elvendrellturisme.com\/es\/wp-json\/wp\/v2\/posts\/24366","targetHints":{"allow":["GET"]}}],"collection":[{"href":"https:\/\/www.elvendrellturisme.com\/es\/wp-json\/wp\/v2\/posts"}],"about":[{"href":"https:\/\/www.elvendrellturisme.com\/es\/wp-json\/wp\/v2\/types\/post"}],"author":[{"embeddable":true,"href":"https:\/\/www.elvendrellturisme.com\/es\/wp-json\/wp\/v2\/users\/1"}],"replies":[{"embeddable":true,"href":"https:\/\/www.elvendrellturisme.com\/es\/wp-json\/wp\/v2\/comments?post=24366"}],"version-history":[{"count":0,"href":"https:\/\/www.elvendrellturisme.com\/es\/wp-json\/wp\/v2\/posts\/24366\/revisions"}],"wp:featuredmedia":[{"embeddable":true,"href":"https:\/\/www.elvendrellturisme.com\/es\/wp-json\/wp\/v2\/media\/22266"}],"wp:attachment":[{"href":"https:\/\/www.elvendrellturisme.com\/es\/wp-json\/wp\/v2\/media?parent=24366"}],"wp:term":[{"taxonomy":"category","embeddable":true,"href":"https:\/\/www.elvendrellturisme.com\/es\/wp-json\/wp\/v2\/categories?post=24366"},{"taxonomy":"post_tag","embeddable":true,"href":"https:\/\/www.elvendrellturisme.com\/es\/wp-json\/wp\/v2\/tags?post=24366"},{"taxonomy":"dipi_cpt_category","embeddable":true,"href":"https:\/\/www.elvendrellturisme.com\/es\/wp-json\/wp\/v2\/dipi_cpt_category?post=24366"}],"curies":[{"name":"wp","href":"https:\/\/api.w.org\/{rel}","templated":true}]}}