{"id":24371,"date":"2011-11-15T11:51:26","date_gmt":"2011-11-15T11:51:26","guid":{"rendered":"http:\/\/tv.dms3labs.cat\/conferencia-y-puertas-abiertas-al-museo-deu-para-celebrar-la-16a-edicion-de-la-semana-de-la-ciencia\/"},"modified":"2011-11-15T11:51:26","modified_gmt":"2011-11-15T11:51:26","slug":"conferencia-y-puertas-abiertas-al-museo-deu-para-celebrar-la-16a-edicion-de-la-semana-de-la-ciencia","status":"publish","type":"post","link":"https:\/\/www.elvendrellturisme.com\/es\/conferencia-y-puertas-abiertas-al-museo-deu-para-celebrar-la-16a-edicion-de-la-semana-de-la-ciencia\/","title":{"rendered":"Conferencia y puertas abiertas al Museo Deu para celebrar la 16a edici\u00f3n de la Semana de la Ciencia"},"content":{"rendered":"<p>Del 18 al 27 de noviembre se celebr\u00e1 la 16a edici\u00f3n de la Semana de la Ciencia en Catalu\u00f1a, una iniciativa cultural cl\u00e1sica coordinada por la Fundaci\u00f3n Instituci\u00f3n Catalana de Apoyo a la B\u00fasqueda y que presenta un amplio programa colectivo de actos en todo el territorio. La participaci\u00f3n en la Semana de la Ciencia est\u00e1 abierta a todas las entidades que quieran llevar a cabo actividades que est\u00e9n relacionadas con la ciencia y la tecnolog\u00eda en un sentido amplio dirigidas a la ciudadan\u00eda. Este a\u00f1o la Semana de la Ciencia se adhiere a la celebraci\u00f3n del A\u00f1o Internacional de la Qu\u00edmica y el A\u00f1o Internacional de los Bosques. <\/p>\n<p>El Museo Deu de Vendrell participa activamente en estas jornadas organizando con el Instituto de Estudios Penedesencs (IEP) una conferencia titulada &quot;El arte de la qu\u00edmica y la qu\u00edmica del arte&quot;, que ir\u00e1 a cargo de Nati Salvad\u00f3 y Salvador But\u00ed, doctores en qu\u00edmica y responsables del grupo de b\u00fasqueda AMPC (An\u00e1lisis de Materiales de Patrimonio Cultural) del departamento de Ingenier\u00eda Qu\u00edmica de la Universitat Polit\u00e9cnica de Catalunya (UPC).<br \/>\nLa charla, que es gratuita, tendr\u00e1 lugar el pr\u00f3ximo d\u00eda 22 de noviembre, a las 19.30 horas, en el Museo Deu, y se centrar\u00e1 en la aportaci\u00f3n que puede hacer la qu\u00edmica como ciencia que estudia la materia y sus transformaciones en el contexto de una obra de arte.<br \/>\nAdem\u00e1s, el Museo Deu de organizar\u00e1 el domingo 27 de noviembre una Jornada de puertas abiertas para que quienes quiera pueda visitar sus instalaciones de manera gratuita. En esta ocasi\u00f3n, el horario de apertura del Museo Debe de ser\u00e1 de 11 a 14 horas.<\/p>\n","protected":false},"excerpt":{"rendered":"<p>Del 18 al 27 de noviembre se celebr\u00e1 la 16a edici\u00f3n de la Semana de la Ciencia en Catalu\u00f1a, una iniciativa cultural cl\u00e1sica coordinada por la Fundaci\u00f3n Instituci\u00f3n Catalana de Apoyo a la B\u00fasqueda y que presenta un amplio programa colectivo de actos en todo el territorio. La participaci\u00f3n en la Semana de la Ciencia [&hellip;]<\/p>\n","protected":false},"author":1,"featured_media":22276,"comment_status":"open","ping_status":"closed","sticky":false,"template":"","format":"standard","meta":{"_acf_changed":false,"_et_pb_use_builder":"","_et_pb_old_content":"","_et_gb_content_width":"","content-type":"","footnotes":""},"categories":[12],"tags":[],"dipi_cpt_category":[],"class_list":["post-24371","post","type-post","status-publish","format-standard","has-post-thumbnail","hentry","category-sin-categoria"],"acf":[],"_links":{"self":[{"href":"https:\/\/www.elvendrellturisme.com\/es\/wp-json\/wp\/v2\/posts\/24371","targetHints":{"allow":["GET"]}}],"collection":[{"href":"https:\/\/www.elvendrellturisme.com\/es\/wp-json\/wp\/v2\/posts"}],"about":[{"href":"https:\/\/www.elvendrellturisme.com\/es\/wp-json\/wp\/v2\/types\/post"}],"author":[{"embeddable":true,"href":"https:\/\/www.elvendrellturisme.com\/es\/wp-json\/wp\/v2\/users\/1"}],"replies":[{"embeddable":true,"href":"https:\/\/www.elvendrellturisme.com\/es\/wp-json\/wp\/v2\/comments?post=24371"}],"version-history":[{"count":0,"href":"https:\/\/www.elvendrellturisme.com\/es\/wp-json\/wp\/v2\/posts\/24371\/revisions"}],"wp:featuredmedia":[{"embeddable":true,"href":"https:\/\/www.elvendrellturisme.com\/es\/wp-json\/wp\/v2\/media\/22276"}],"wp:attachment":[{"href":"https:\/\/www.elvendrellturisme.com\/es\/wp-json\/wp\/v2\/media?parent=24371"}],"wp:term":[{"taxonomy":"category","embeddable":true,"href":"https:\/\/www.elvendrellturisme.com\/es\/wp-json\/wp\/v2\/categories?post=24371"},{"taxonomy":"post_tag","embeddable":true,"href":"https:\/\/www.elvendrellturisme.com\/es\/wp-json\/wp\/v2\/tags?post=24371"},{"taxonomy":"dipi_cpt_category","embeddable":true,"href":"https:\/\/www.elvendrellturisme.com\/es\/wp-json\/wp\/v2\/dipi_cpt_category?post=24371"}],"curies":[{"name":"wp","href":"https:\/\/api.w.org\/{rel}","templated":true}]}}