{"id":24407,"date":"2012-03-09T10:17:54","date_gmt":"2012-03-09T10:17:54","guid":{"rendered":"http:\/\/tv.dms3labs.cat\/se-pide-la-implicacion-del-tejido-empresarial-en-el-paisaje-de-los-genios\/"},"modified":"2012-03-09T10:17:54","modified_gmt":"2012-03-09T10:17:54","slug":"se-pide-la-implicacion-del-tejido-empresarial-en-el-paisaje-de-los-genios","status":"publish","type":"post","link":"https:\/\/www.elvendrellturisme.com\/es\/se-pide-la-implicacion-del-tejido-empresarial-en-el-paisaje-de-los-genios\/","title":{"rendered":"Se pide la implicaci\u00f3n del tejido empresarial en el Paisaje de los Genios"},"content":{"rendered":"<p>Esta semana, la regidora de Turismo y Promoci\u00f3n Econ\u00f3mica del Ayuntamiento de Vendrell, \u00c0ngels Turdiu, se ha reunido con una representaci\u00f3n del tejido empresarial para pedir su implicaci\u00f3n en la promoci\u00f3n de la oferta tur\u00edstica de Vendrell a trav\u00e9s del Paisaje de los Genios. <\/p>\n<p>El Paisaje de los Genios es un producto de turismo cultural, impulsado por los municipios de Horta de Sant Joan, El Vendrell, Mont-roig del Camp y Reos, junto con el Patronato de Turismo de la Diputaci\u00f3n de Tarragona y la Universitat Rovira i Virgili, que se basa en la vinculaci\u00f3n de cuatro artistas universales con el paisaje de estos cuatro municipios: Pablo Picasso, Pau Casals, Joan Mir\u00f3 y Antoni Gaud\u00ed, respectivamente. A trav\u00e9s de la Tarjeta Genial, los establecimientos adheridos al Paisaje de los Genios pueden ofrecer descuentos o promociones; adem\u00e1s, esta tarjeta permite el acceso a todos los centros de interpretaci\u00f3n. Los establecimientos colaboradores pueden ser restaurantes, bodegas, empresas de actividades, museos, servicios de guiaje y actividades de ocio o alojamientos. <\/p>\n<p>En este sentido, \u00c0ngels Turdiu ha pedido a hoteleros, restauradors, bodegas, talleres de cer\u00e1mica y comerciantes del municipio, y tambi\u00e9n de la comarca, que &quot;hay que aprovechar la plataforma del Paisaje de los Genios, y su Tarjeta Genial, porque las personas que vengan a visitarnos un fin de semana para conocer el mundo de Pau Casals tambi\u00e9n conozcan el resto de la oferta tur\u00edstica de Vendrell y sus playas, como por ejemplo la gastronom\u00eda, la artesan\u00eda, las actividades de ocio y ocio y el tejido comercial, entre otros&quot;. <\/p>\n<p>La Tarjeta Genial, que permite disfrutar de la Ruta completa del Paisaje de los Genios, tiene un coste de 9 euros y es una multientrada que da acceso a todos los centros de interpretaci\u00f3n de la Ruta, as\u00ed como a las ventajas y las promociones especiales de los establecimientos colaboradores. Se puede adquirir a las oficinas de Turismo y a los centros de interpretaci\u00f3n de Horta de Sant Joan, El Vendrell, Mont-roig del Camp y Reos.<\/p>\n","protected":false},"excerpt":{"rendered":"<p>Esta semana, la regidora de Turismo y Promoci\u00f3n Econ\u00f3mica del Ayuntamiento de Vendrell, \u00c0ngels Turdiu, se ha reunido con una representaci\u00f3n del tejido empresarial para pedir su implicaci\u00f3n en la promoci\u00f3n de la oferta tur\u00edstica de Vendrell a trav\u00e9s del Paisaje de los Genios. El Paisaje de los Genios es un producto de turismo cultural, [&hellip;]<\/p>\n","protected":false},"author":1,"featured_media":22347,"comment_status":"open","ping_status":"closed","sticky":false,"template":"","format":"standard","meta":{"_acf_changed":false,"_et_pb_use_builder":"","_et_pb_old_content":"","_et_gb_content_width":"","content-type":"","footnotes":""},"categories":[12],"tags":[],"dipi_cpt_category":[],"class_list":["post-24407","post","type-post","status-publish","format-standard","has-post-thumbnail","hentry","category-sin-categoria"],"acf":[],"_links":{"self":[{"href":"https:\/\/www.elvendrellturisme.com\/es\/wp-json\/wp\/v2\/posts\/24407","targetHints":{"allow":["GET"]}}],"collection":[{"href":"https:\/\/www.elvendrellturisme.com\/es\/wp-json\/wp\/v2\/posts"}],"about":[{"href":"https:\/\/www.elvendrellturisme.com\/es\/wp-json\/wp\/v2\/types\/post"}],"author":[{"embeddable":true,"href":"https:\/\/www.elvendrellturisme.com\/es\/wp-json\/wp\/v2\/users\/1"}],"replies":[{"embeddable":true,"href":"https:\/\/www.elvendrellturisme.com\/es\/wp-json\/wp\/v2\/comments?post=24407"}],"version-history":[{"count":0,"href":"https:\/\/www.elvendrellturisme.com\/es\/wp-json\/wp\/v2\/posts\/24407\/revisions"}],"wp:featuredmedia":[{"embeddable":true,"href":"https:\/\/www.elvendrellturisme.com\/es\/wp-json\/wp\/v2\/media\/22347"}],"wp:attachment":[{"href":"https:\/\/www.elvendrellturisme.com\/es\/wp-json\/wp\/v2\/media?parent=24407"}],"wp:term":[{"taxonomy":"category","embeddable":true,"href":"https:\/\/www.elvendrellturisme.com\/es\/wp-json\/wp\/v2\/categories?post=24407"},{"taxonomy":"post_tag","embeddable":true,"href":"https:\/\/www.elvendrellturisme.com\/es\/wp-json\/wp\/v2\/tags?post=24407"},{"taxonomy":"dipi_cpt_category","embeddable":true,"href":"https:\/\/www.elvendrellturisme.com\/es\/wp-json\/wp\/v2\/dipi_cpt_category?post=24407"}],"curies":[{"name":"wp","href":"https:\/\/api.w.org\/{rel}","templated":true}]}}