{"id":24433,"date":"2012-07-27T11:36:40","date_gmt":"2012-07-27T11:36:40","guid":{"rendered":"http:\/\/tv.dms3labs.cat\/se-renueva-el-convenio-del-proyecto-el-paisaje-de-los-genios\/"},"modified":"2012-07-27T11:36:40","modified_gmt":"2012-07-27T11:36:40","slug":"se-renueva-el-convenio-del-proyecto-el-paisaje-de-los-genios","status":"publish","type":"post","link":"https:\/\/www.elvendrellturisme.com\/es\/se-renueva-el-convenio-del-proyecto-el-paisaje-de-los-genios\/","title":{"rendered":"Se renueva el convenio del proyecto &quot;El Paisaje de los Genios&quot;"},"content":{"rendered":"<p>El Patronato de Turismo de la Diputaci\u00f3n de Tarragona, los patronatos municipales de Turismo de Reos y El Vendrell, y los ayuntamientos de Horta de Sant Joan y Mont-roig del Camp y el Consorcio para la Mejora de la Competitividad del Turismo y el Ocio a las comarcas de Tarragona han firmado recientemente la renovaci\u00f3n correspondiente a la anualidad 2012 del convenio de colaboraci\u00f3n territorial para el desarrollo del proyecto &quot;El Paisaje de los Genios&quot;. <\/p>\n<p>&quot;El Paisaje de los Genios&quot; es un producto de turismo cultural de Costa Dorada y las Tierras del Ebro impulsado para el desarrollo de una oferta tur\u00edstica que aprovecha el potencial de la vinculaci\u00f3n de Pablo Picasso, Joan Mir\u00f3, Antoni Gaud\u00ed y Pau Casals con el territorio de Horta de Sant Joan, Mont-rojo, Reos y El Vendrell, respectivamente. <\/p>\n<p>La firma coincide con el disparo de salida de la primera temporada de la Ruta del Paisaje de los Genios, para la cual se han puesto a disposici\u00f3n de los turistas 7.000 folletos y mapas gu\u00eda de los municipios. Estos materiales se pueden encontrar a las oficinas de turismo de los municipios y centros culturales de la Ruta, as\u00ed como a las oficinas tur\u00edsticas de las marcas Costa Dorada y Tierras del Ebro. <\/p>\n<p>Los turistas tambi\u00e9n tienen a su disposici\u00f3n la Tarjeta Genial, que da entrada a los cinco centros culturales que forman parte de la Ruta del Paisaje de los Genios y a las promociones de los establecimientos colaboradores. Cincuenta establecimientos de alojamiento, restauraci\u00f3n, servicios y actividades ya incorporan su oferta a la Ruta, haciendo patentiza la integraci\u00f3n del sector p\u00fablico y empresarial privado de Mont-rojo, Miami Playa, Horta de Sant Joan, Reos y El Vendrell en esta iniciativa. <\/p>\n<p>Esta anualidad se han puesto en marcha varias acciones promocionales para la captaci\u00f3n del turismo familiar de proximidad: por un lado, con la presencia en medios de comunicaci\u00f3n especializados, como S\u00e0piens o Descubrir, y, por la otra, con acciones incluidas en el plan de mediados del Patronato de Turismo de la Diputaci\u00f3n, como por ejemplo reportajes a las revistas Viajar, Viajeros y publicidad a Minube. Tambi\u00e9n se han realizado acciones de marketing digital, como la creaci\u00f3n de una p\u00e1gina a Facebook (www.facebook.com\/elpaisatgedelsgenis), y otras acciones promocionales, entre las cuales destaca la organizaci\u00f3n de un viaje de prensa y familiarizaci\u00f3n los d\u00edas 19 y 20 de mayo con agentes y periodistas del Pa\u00eds Vasco y Madrid. <\/p>\n<p>Fruto de estas acciones, se han recibido peticiones de informaci\u00f3n a trav\u00e9s de la web de la Ruta (www.elpaisatgedelsgenis.cat) y se han distribuido 400 tarjetas geniales. Son diversos los turistas de Costa Dorada y de las Tierras del Ebro que han optado para disfrutar de las ventajas de la Tarjeta que, por 9 euros, ofrece la visita a los centros culturales a mitad de precio. La mayor\u00eda han sido familias procedentes de Barcelona que realizan la Ruta en diferentes fines de semana a lo largo de todo el a\u00f1o de validez de la Tarjeta. <\/p>\n<p>La Ruta del Paisaje de los Genios colabora con la Agencia Catalana de Turismo (es miembro del Club de Turismo Cultural), con Turespa\u00f1a y con Segittur, para la difusi\u00f3n del producto tur\u00edstico en el \u00e1mbito internacional. En este sentido, se han llevado a cabo acciones en los mercados de Italia, Francia y Alemania. <\/p>\n<p>La Ruta del Paisaje de los Genios est\u00e1 trabajando en la fidelizaci\u00f3n de los turistas que lo han visitado a trav\u00e9s de las acciones del Club de la Ruta, como la edici\u00f3n de un newsletter electr\u00f3nico con las novedades, la agenda de actividades y los sorteos, as\u00ed como en la creaci\u00f3n de nuevas ofertas de paquetes tur\u00edsticos bajo su marca registrada. <\/p>\n<p>Para m\u00e1s informaci\u00f3n: www.elpaisatgedelsgenis.cat o a la Oficina T\u00e9cnica del Paisaje de los Genios, al Parque Cient\u00edfico y Tecnol\u00f3gico de Turismo y Ocio del Campus de la Universitat Rovira i Virgili en Vila-seca (977 39 48 71).<\/p>\n","protected":false},"excerpt":{"rendered":"<p>El Patronato de Turismo de la Diputaci\u00f3n de Tarragona, los patronatos municipales de Turismo de Reos y El Vendrell, y los ayuntamientos de Horta de Sant Joan y Mont-roig del Camp y el Consorcio para la Mejora de la Competitividad del Turismo y el Ocio a las comarcas de Tarragona han firmado recientemente la renovaci\u00f3n [&hellip;]<\/p>\n","protected":false},"author":1,"featured_media":22396,"comment_status":"open","ping_status":"closed","sticky":false,"template":"","format":"standard","meta":{"_acf_changed":false,"_et_pb_use_builder":"","_et_pb_old_content":"","_et_gb_content_width":"","content-type":"","footnotes":""},"categories":[12],"tags":[],"dipi_cpt_category":[],"class_list":["post-24433","post","type-post","status-publish","format-standard","has-post-thumbnail","hentry","category-sin-categoria"],"acf":[],"_links":{"self":[{"href":"https:\/\/www.elvendrellturisme.com\/es\/wp-json\/wp\/v2\/posts\/24433","targetHints":{"allow":["GET"]}}],"collection":[{"href":"https:\/\/www.elvendrellturisme.com\/es\/wp-json\/wp\/v2\/posts"}],"about":[{"href":"https:\/\/www.elvendrellturisme.com\/es\/wp-json\/wp\/v2\/types\/post"}],"author":[{"embeddable":true,"href":"https:\/\/www.elvendrellturisme.com\/es\/wp-json\/wp\/v2\/users\/1"}],"replies":[{"embeddable":true,"href":"https:\/\/www.elvendrellturisme.com\/es\/wp-json\/wp\/v2\/comments?post=24433"}],"version-history":[{"count":0,"href":"https:\/\/www.elvendrellturisme.com\/es\/wp-json\/wp\/v2\/posts\/24433\/revisions"}],"wp:featuredmedia":[{"embeddable":true,"href":"https:\/\/www.elvendrellturisme.com\/es\/wp-json\/wp\/v2\/media\/22396"}],"wp:attachment":[{"href":"https:\/\/www.elvendrellturisme.com\/es\/wp-json\/wp\/v2\/media?parent=24433"}],"wp:term":[{"taxonomy":"category","embeddable":true,"href":"https:\/\/www.elvendrellturisme.com\/es\/wp-json\/wp\/v2\/categories?post=24433"},{"taxonomy":"post_tag","embeddable":true,"href":"https:\/\/www.elvendrellturisme.com\/es\/wp-json\/wp\/v2\/tags?post=24433"},{"taxonomy":"dipi_cpt_category","embeddable":true,"href":"https:\/\/www.elvendrellturisme.com\/es\/wp-json\/wp\/v2\/dipi_cpt_category?post=24433"}],"curies":[{"name":"wp","href":"https:\/\/api.w.org\/{rel}","templated":true}]}}