{"id":24451,"date":"2012-12-03T12:28:16","date_gmt":"2012-12-03T12:28:16","guid":{"rendered":"http:\/\/tv.dms3labs.cat\/24451\/"},"modified":"2012-12-03T12:28:16","modified_gmt":"2012-12-03T12:28:16","slug":"24451","status":"publish","type":"post","link":"https:\/\/www.elvendrellturisme.com\/es\/24451\/","title":{"rendered":""},"content":{"rendered":"<p>Con el encendido del alumbrado navide\u00f1o, el pr\u00f3ximo viernes 30 de noviembre, se inicia la campa\u00f1a comercial de Navidad en el municipio del Vendrell. Concretamente, a partir de las 17 h se encender\u00e1n las luces de los barrios mar\u00edtimos y a las 18.30 h, en la pla\u00e7a Vella, tendr\u00e1 lugar el acto de encendida del alumbrado del n\u00facleo del Vendrell. El presidente del Centre diIniciatives i Turisme (CIT), Mag\u00ed Mateu, ha explicado que, todo y la reducci\u00f3n en un 20% de los puntos de luz, habr\u00e1 un total de 23 calles con iluminaci\u00f3n navide\u00f1a, la cual ha sido posible gracias a la colaboraci\u00f3n de 211 comercios y del Ayuntamiento del Vendrell.<br \/>\nCon respecto a las actividades que se han organizado para dinamizar la actividad econ\u00f3mica del Vendrell durante la campa\u00f1a de Nadal, se ha presentado un amplio abanico para todo tipo de p\u00fablico. <\/p>\n<p>Los d\u00edas 7, 8 y 9 de diciembre, la pla\u00e7a Nova acoger\u00e1 el &quot;Vine&#8230; Tast&quot;, una muestra de productos gastron\u00f3micos, vin\u00edcolas y culturales del Baix Pened\u00e8s. Uno de los organizadores, Nando Garc\u00eda, ha comentado que se realizar\u00e1n charlas, talleres de cocina, maridajes y otras actividades de car\u00e1cter participativo. La inauguraci\u00f3n ser\u00e1 el viernes 7 de diciembre a las 18 h; el s\u00e1bado la muestra estar\u00e1 abierta de 11 h a 22 h y el domingo habr\u00e1 actividad desde las 11 h hasta las 14 h. Para m\u00e1s informaci\u00f3n sobre los horarios de las actividades se puede consultar la web www.vinetast.com. <\/p>\n<p>Desde la Comissi\u00f3 de Reis, su presidente, Jordi Urgell, ha avanzado que del 19 al 20 de diciembre habr\u00e1 dos pajes en la isla de peatones que repartir\u00e1n regalos a los ni\u00f1os; el domingo 30 de diciembre, de 17 h a 20 h, en la Rambla, estar\u00e1n los Mensajeros Reales para recoger las cartas dirigidas a los Reyes Magos (esta recogida de cartas tambi\u00e9n se har\u00e1 a las 18.30 h en la pla\u00e7a Major de Sant Vicen\u00e7 de Calders). Los d\u00edas 3 y 4 de enero, en la pla\u00e7a Nova, el responsable de la Casa Real continuar\u00e1 recogiendo cartas, y el 5 de enero, a partir de las 18 h, tendr\u00e1 lugar la Cabalgata de Reyes por las calles del Vendrell. <\/p>\n<p>Tambi\u00e9n habr\u00e1 un Mercado de artesan\u00eda y de art\u00edculos navide\u00f1os del Rac\u00f3 de l&#8217;Art: del 5 al 9 de diciembre estar\u00e1 ubicado en la carretera del Doctor Robert; los d\u00edas 14, 15, 21, 22, 23, 24, 28, 29, 30 y 31 de diciembre y el 3 y 4 de enero, en el carrer dels Caf\u00e8s, y el d\u00eda 5 de enero, en la pla\u00e7a de les Garrofes. El horario ser\u00e1 los viernes de 16 h a 21 h y el resto de d\u00edas de 10 h a 21 h. <\/p>\n<p>Asimismo, del 10 al 23 de diciembre, en la pla\u00e7a Nova, habr\u00e1 una carpa con Pap\u00e1 No\u00e9l y personajes de Disney, para que los ni\u00f1os los puedan visitar y hacerse una foto. Y en diferentes plazas del Vendrell se har\u00e1n talleres infantiles gratuitos con los personajes de Disney y otros dibujos animados. Este conjunto de actividades cerrar\u00e1 el lunes 24 de diciembre, con una actuaci\u00f3n de La Xaranga por las calles del centro de la villa. <\/p>\n<p>Dentro de este programa tambi\u00e9n habr\u00e1 espacio para acciones solidarias. En este sentido, el 15 de diciembre, en la pla\u00e7a Nova, a las 17.30 h tendr\u00e1 lugar una actuaci\u00f3n de Batukada Sambatek, con pasacalle y chocolatada en beneficio de la Marat\u00f3n de Tv3. <\/p>\n<p>Fuera del centro del Vendrell, el 22 de diciembre, de 11 h a 13.30 h y de 17 h a 19 h, en la avinguda dels Pa\u00efsos Catalans, se har\u00e1 un cagati\u00f3. Para poder participar se habr\u00e1 de traer una invitaci\u00f3n de los comercios del Tanvat, del barri de Fran\u00e7a y de Mas d&#8217;en Gual. <\/p>\n<p>Este a\u00f1o tambi\u00e9n se realizar\u00e1 la campa\u00f1a del pastel de Reyes, en que la haba ser\u00e1 un vale de descuento de 20 euros para hacer compras en establecimientos adheridos al CIT. En total se repartir\u00e1n vales por un valor total de 1.500 euros. <\/p>\n<p>Todo este amplio abanico de actividades estar\u00e1 recogido en un d\u00edptico que se podr\u00e1 encontrar en la oficina del CIT de la carretera del Doctor Robert.<\/p>\n<p>Por otro lado, el presidente del CIT hace un llamamiento a los comerciantes para que abran los d\u00edas 8 y 23 de diciembre. En este sentido, la regidora de Promoci\u00f3n Econ\u00f3mica y Comercio, \u00c0ngels Turdiu, ha manifestado que &quot;es necesario ir unidos y salir adelante&quot; y que &quot;es importante abrir estos dos d\u00edas si queremos que el Vendrell sea una villa comercial.&quot;<\/p>\n","protected":false},"excerpt":{"rendered":"<p>Con el encendido del alumbrado navide\u00f1o, el pr\u00f3ximo viernes 30 de noviembre, se inicia la campa\u00f1a comercial de Navidad en el municipio del Vendrell. Concretamente, a partir de las 17 h se encender\u00e1n las luces de los barrios mar\u00edtimos y a las 18.30 h, en la pla\u00e7a Vella, tendr\u00e1 lugar el acto de encendida del [&hellip;]<\/p>\n","protected":false},"author":1,"featured_media":22429,"comment_status":"open","ping_status":"closed","sticky":false,"template":"","format":"standard","meta":{"_acf_changed":false,"_et_pb_use_builder":"","_et_pb_old_content":"","_et_gb_content_width":"","content-type":"","footnotes":""},"categories":[],"tags":[],"dipi_cpt_category":[],"class_list":["post-24451","post","type-post","status-publish","format-standard","has-post-thumbnail","hentry"],"acf":[],"_links":{"self":[{"href":"https:\/\/www.elvendrellturisme.com\/es\/wp-json\/wp\/v2\/posts\/24451","targetHints":{"allow":["GET"]}}],"collection":[{"href":"https:\/\/www.elvendrellturisme.com\/es\/wp-json\/wp\/v2\/posts"}],"about":[{"href":"https:\/\/www.elvendrellturisme.com\/es\/wp-json\/wp\/v2\/types\/post"}],"author":[{"embeddable":true,"href":"https:\/\/www.elvendrellturisme.com\/es\/wp-json\/wp\/v2\/users\/1"}],"replies":[{"embeddable":true,"href":"https:\/\/www.elvendrellturisme.com\/es\/wp-json\/wp\/v2\/comments?post=24451"}],"version-history":[{"count":0,"href":"https:\/\/www.elvendrellturisme.com\/es\/wp-json\/wp\/v2\/posts\/24451\/revisions"}],"wp:featuredmedia":[{"embeddable":true,"href":"https:\/\/www.elvendrellturisme.com\/es\/wp-json\/wp\/v2\/media\/22429"}],"wp:attachment":[{"href":"https:\/\/www.elvendrellturisme.com\/es\/wp-json\/wp\/v2\/media?parent=24451"}],"wp:term":[{"taxonomy":"category","embeddable":true,"href":"https:\/\/www.elvendrellturisme.com\/es\/wp-json\/wp\/v2\/categories?post=24451"},{"taxonomy":"post_tag","embeddable":true,"href":"https:\/\/www.elvendrellturisme.com\/es\/wp-json\/wp\/v2\/tags?post=24451"},{"taxonomy":"dipi_cpt_category","embeddable":true,"href":"https:\/\/www.elvendrellturisme.com\/es\/wp-json\/wp\/v2\/dipi_cpt_category?post=24451"}],"curies":[{"name":"wp","href":"https:\/\/api.w.org\/{rel}","templated":true}]}}