{"id":24454,"date":"2012-12-11T14:14:16","date_gmt":"2012-12-11T14:14:16","guid":{"rendered":"http:\/\/tv.dms3labs.cat\/24454\/"},"modified":"2012-12-11T14:14:16","modified_gmt":"2012-12-11T14:14:16","slug":"24454","status":"publish","type":"post","link":"https:\/\/www.elvendrellturisme.com\/es\/24454\/","title":{"rendered":""},"content":{"rendered":"<p>Este domingo 16 de diciembre, a las 12 h, el auditorio grande de la Escola Municipal de M\u00fasica Pau Casals del Vendrell volver\u00e1 a revivir un concierto por una causa solidaria. El conjunto de guitarras de nivel medio, bajo la direcci\u00f3n de Juan Becerra; el grupo de viento, dirigido por Joan Soler y la orquesta de nivel medio, con Xavier Labrador al frente, ser\u00e1n los encargados de ofrecer su m\u00fasica para recaudar fondos para la Marat\u00f3 de Tv3. El acontecimiento solidario por excelencia de nuestro pa\u00eds est\u00e1 este a\u00f1o dedicado a la lucha contra el c\u00e1ncer y en favor de la investigaci\u00f3n para que esta enfermedad llegue a ser cr\u00f3nica y deje de ser el lastre que representa actualmente.<\/p>\n<p>Este acto, que arriba a su tercera edici\u00f3n, es una iniciativa de la Regidoria d&#8217;Educaci\u00f3 de l&#8217;Ajuntament del Vendrell y su titular, Kenneth Mart\u00ednez, ha hecho un llamamiento a los vecinos del municipio y la comarca para que asistan al concierto y aporten su granito de arena a esta causa tan importante. La asistencia al concierto es gratuita, si bien se pide que qui\u00e9n quiera participar colabore econ\u00f3micamente con una aportaci\u00f3n voluntaria.<\/p>\n","protected":false},"excerpt":{"rendered":"<p>Este domingo 16 de diciembre, a las 12 h, el auditorio grande de la Escola Municipal de M\u00fasica Pau Casals del Vendrell volver\u00e1 a revivir un concierto por una causa solidaria. El conjunto de guitarras de nivel medio, bajo la direcci\u00f3n de Juan Becerra; el grupo de viento, dirigido por Joan Soler y la orquesta [&hellip;]<\/p>\n","protected":false},"author":1,"featured_media":22435,"comment_status":"open","ping_status":"closed","sticky":false,"template":"","format":"standard","meta":{"_acf_changed":false,"_et_pb_use_builder":"","_et_pb_old_content":"","_et_gb_content_width":"","content-type":"","footnotes":""},"categories":[],"tags":[],"dipi_cpt_category":[],"class_list":["post-24454","post","type-post","status-publish","format-standard","has-post-thumbnail","hentry"],"acf":[],"_links":{"self":[{"href":"https:\/\/www.elvendrellturisme.com\/es\/wp-json\/wp\/v2\/posts\/24454","targetHints":{"allow":["GET"]}}],"collection":[{"href":"https:\/\/www.elvendrellturisme.com\/es\/wp-json\/wp\/v2\/posts"}],"about":[{"href":"https:\/\/www.elvendrellturisme.com\/es\/wp-json\/wp\/v2\/types\/post"}],"author":[{"embeddable":true,"href":"https:\/\/www.elvendrellturisme.com\/es\/wp-json\/wp\/v2\/users\/1"}],"replies":[{"embeddable":true,"href":"https:\/\/www.elvendrellturisme.com\/es\/wp-json\/wp\/v2\/comments?post=24454"}],"version-history":[{"count":0,"href":"https:\/\/www.elvendrellturisme.com\/es\/wp-json\/wp\/v2\/posts\/24454\/revisions"}],"wp:featuredmedia":[{"embeddable":true,"href":"https:\/\/www.elvendrellturisme.com\/es\/wp-json\/wp\/v2\/media\/22435"}],"wp:attachment":[{"href":"https:\/\/www.elvendrellturisme.com\/es\/wp-json\/wp\/v2\/media?parent=24454"}],"wp:term":[{"taxonomy":"category","embeddable":true,"href":"https:\/\/www.elvendrellturisme.com\/es\/wp-json\/wp\/v2\/categories?post=24454"},{"taxonomy":"post_tag","embeddable":true,"href":"https:\/\/www.elvendrellturisme.com\/es\/wp-json\/wp\/v2\/tags?post=24454"},{"taxonomy":"dipi_cpt_category","embeddable":true,"href":"https:\/\/www.elvendrellturisme.com\/es\/wp-json\/wp\/v2\/dipi_cpt_category?post=24454"}],"curies":[{"name":"wp","href":"https:\/\/api.w.org\/{rel}","templated":true}]}}