{"id":24461,"date":"2013-01-18T13:55:23","date_gmt":"2013-01-18T13:55:23","guid":{"rendered":"http:\/\/tv.dms3labs.cat\/la-rua-de-carnaval-del-vendrell-2013-finalizara-su-recorrida-en-el-centro-de-ocio-las-matas\/"},"modified":"2013-01-18T13:55:23","modified_gmt":"2013-01-18T13:55:23","slug":"la-rua-de-carnaval-del-vendrell-2013-finalizara-su-recorrida-en-el-centro-de-ocio-las-matas","status":"publish","type":"post","link":"https:\/\/www.elvendrellturisme.com\/es\/la-rua-de-carnaval-del-vendrell-2013-finalizara-su-recorrida-en-el-centro-de-ocio-las-matas\/","title":{"rendered":"La Rua de Carnaval del Vendrell 2013 finalizar\u00e1 su recorrida en el Centro de ocio Las Matas"},"content":{"rendered":"<p>La Rua de Carnaval del Vendrell iniciar\u00e1 su trayecto en la avinguda del Camp d&#8217;Esports el 8 de febrero a partir de las 20 h. Una de las principales novedades respecto de la edici\u00f3n del a\u00f1o pasado est\u00e1 en el recorrido: este 2013 la Rua de Carnaval finalizar\u00e1 al Centro de ocio Les Mates, en donde se celebrar\u00e1 la fiesta final.<\/p>\n<p>La llegada del Carnestoltes, que este a\u00f1o vendr\u00e1 acompa\u00f1ado, se producir\u00e1 un d\u00eda antes. As\u00ed, el 7 de febrero a las 18.30 h se presentar\u00e1 en la pla\u00e7a Nova para, seguidamente, pronunciar el discurso desde el balc\u00f3n del Ayuntamiento del Vendrell a las 19 h.<\/p>\n<p>Otra de las novedades m\u00e1s destacadas es la entrega de premios econ\u00f3micos para las mejores carrozas y comparsas participantes, que se ha podido realizar gracias al convenio entre el Ayuntamiento del Vendrell y el Centro de ocio Les Mates, en concepto de patrocinio del Carnaval 2013.<\/p>\n<p>Los premios son los siguientes:<\/p>\n<p>\u2022 Mejor carroza local: 1r premio 600 \u20ac \/ 2o premio 400 \u20ac<br \/>\n\u2022 Mejor carroza visitante: 1r premio 600 \u20ac \/ 2o premioe 400 \u20ac<br \/>\n\u2022 Mejor coreograf\u00eda: 1r premio 300 \u20ac \/ 2o premio 200 \u20ac<br \/>\n\u2022 Mejor comparsa: 1r premio 200 \u20ac \/ 2o premio 150 \u20ac<br \/>\n\u2022 Disfraz m\u00e1s original: 150 \u20ac<\/p>\n<p>Por otro lado, tambi\u00e9n se incrementa, respecto del a\u00f1o 2012, el l\u00edmite de carrozas con derecho a subvenci\u00f3n, que crece hasta 35 con una aportaci\u00f3n econ\u00f3mica de 150 euros. Con respecto a las comparsas, el l\u00edmite se sit\u00faa en 15, que podr\u00e1n recibir 50 euros de subvenci\u00f3n cada una. Las inscripciones se realizar\u00e1n el 14 y el 15 de enero de 2013 para las carrozas y comparsas locales y del 16 al 21 de enero de 2013 para las carrozas y las comparsas restantes.<\/p>\n<p>Eva Moreno, regidora de Fiestas del Ayuntamiento del Vendrell, ha detallado la importancia del convenio entre el Ayuntamiento y el Centro de ocio Les Mates: &quot;Para el Ayuntamiento del Vendrell, el Carnaval es una de las fiestas donde espectadores y participantes son muy numerosos y para potenciarla trabajamos constantemente buscando nuevos patrocinadores, empresas que colaboren para mejorar esta celebraci\u00f3n cualitativa y cuantitativamente. Este a\u00f1o, queremos agradecer muy especialmente a la gente del Centro de ocio Les Mates su implicaci\u00f3n en el Carnaval del Vendrell, que nos permitir\u00e1 entregar premios econ\u00f3micos a las carrozas y comparsas m\u00e1s elaboradas&quot;.<\/p>\n<p>El cartel del Carnaval de este a\u00f1o de Vendrell es obra del joven Joan Marc Ferret.<\/p>\n<p>Para consultar el resto de las bases del concurso y para m\u00e1s informaci\u00f3n sobre el Carnaval 2013, se puede visitar la web www.enfestat.com.<\/p>\n","protected":false},"excerpt":{"rendered":"<p>La Rua de Carnaval del Vendrell iniciar\u00e1 su trayecto en la avinguda del Camp d&#8217;Esports el 8 de febrero a partir de las 20 h. Una de las principales novedades respecto de la edici\u00f3n del a\u00f1o pasado est\u00e1 en el recorrido: este 2013 la Rua de Carnaval finalizar\u00e1 al Centro de ocio Les Mates, en [&hellip;]<\/p>\n","protected":false},"author":1,"featured_media":22447,"comment_status":"open","ping_status":"closed","sticky":false,"template":"","format":"standard","meta":{"_acf_changed":false,"_et_pb_use_builder":"","_et_pb_old_content":"","_et_gb_content_width":"","content-type":"","footnotes":""},"categories":[],"tags":[],"dipi_cpt_category":[],"class_list":["post-24461","post","type-post","status-publish","format-standard","has-post-thumbnail","hentry"],"acf":[],"_links":{"self":[{"href":"https:\/\/www.elvendrellturisme.com\/es\/wp-json\/wp\/v2\/posts\/24461","targetHints":{"allow":["GET"]}}],"collection":[{"href":"https:\/\/www.elvendrellturisme.com\/es\/wp-json\/wp\/v2\/posts"}],"about":[{"href":"https:\/\/www.elvendrellturisme.com\/es\/wp-json\/wp\/v2\/types\/post"}],"author":[{"embeddable":true,"href":"https:\/\/www.elvendrellturisme.com\/es\/wp-json\/wp\/v2\/users\/1"}],"replies":[{"embeddable":true,"href":"https:\/\/www.elvendrellturisme.com\/es\/wp-json\/wp\/v2\/comments?post=24461"}],"version-history":[{"count":0,"href":"https:\/\/www.elvendrellturisme.com\/es\/wp-json\/wp\/v2\/posts\/24461\/revisions"}],"wp:featuredmedia":[{"embeddable":true,"href":"https:\/\/www.elvendrellturisme.com\/es\/wp-json\/wp\/v2\/media\/22447"}],"wp:attachment":[{"href":"https:\/\/www.elvendrellturisme.com\/es\/wp-json\/wp\/v2\/media?parent=24461"}],"wp:term":[{"taxonomy":"category","embeddable":true,"href":"https:\/\/www.elvendrellturisme.com\/es\/wp-json\/wp\/v2\/categories?post=24461"},{"taxonomy":"post_tag","embeddable":true,"href":"https:\/\/www.elvendrellturisme.com\/es\/wp-json\/wp\/v2\/tags?post=24461"},{"taxonomy":"dipi_cpt_category","embeddable":true,"href":"https:\/\/www.elvendrellturisme.com\/es\/wp-json\/wp\/v2\/dipi_cpt_category?post=24461"}],"curies":[{"name":"wp","href":"https:\/\/api.w.org\/{rel}","templated":true}]}}