{"id":24462,"date":"2013-01-22T14:21:34","date_gmt":"2013-01-22T14:21:34","guid":{"rendered":"http:\/\/tv.dms3labs.cat\/la-joven-pianista-berta-brull-actua-al-auditori-pau-casals\/"},"modified":"2013-01-22T14:21:34","modified_gmt":"2013-01-22T14:21:34","slug":"la-joven-pianista-berta-brull-actua-al-auditori-pau-casals","status":"publish","type":"post","link":"https:\/\/www.elvendrellturisme.com\/es\/la-joven-pianista-berta-brull-actua-al-auditori-pau-casals\/","title":{"rendered":"La joven pianista Berta Brull act\u00faa al Auditori Pau Casals"},"content":{"rendered":"<p>El domingo 27 de enero, a las 12 del mediod\u00eda, en el Auditori Pau Casals contin\u00faa el Ciclo de J\u00f3venes Int\u00e9rpretes con la actuaci\u00f3n de Berta Brull.<\/p>\n<p>Nacida en Tarragona hace casi veinte a\u00f1os, esta joven artista empez\u00f3 los estudios musicales a los 6 a\u00f1os en el Conservatorio Profesional de M\u00fasica de Tarragona en dos especialidades instrumentales: el piano, con Elisenda Monn\u00e9, y el oboe, con M. Dolors Jorge. Obtuvo el grado profesional de ambos instrumentos con la m\u00e1xima calificaci\u00f3n y el premio Extraordinario de Piano.<br \/>\nHa complementado los estudios de piano con clases magistrales impartidas por Ana Guijarro, Josep Colom, Einar Steen-N\u00f8kleberg, Barry Douglas y Albert Atenelle, entre otros. Ha obtenido el 2\u00ba premio del Concurso de interpretaci\u00f3n Musical de la Arjau o el 3r premio del Concurso Vila de Salou. Actualmente contin\u00faa los estudios de piano en la Escuela Superior de M\u00fasica de Catalu\u00f1a bajo la maestr\u00eda de Jordi Mas\u00f3.<\/p>\n<p>Este domingo interpretar\u00e1 la Suite inglesa n\u00fam. 3 en sol menor de J. S. Bach, la Sonata n\u00fam. 13 en mi bemoll mayor de L. V. Beethoven, los Valses po\u00e9ticos de Enric Granados y el Nocturno op. 72 n\u00fam. 1, la Mazurca op. 17 n\u00fam. 2, y el Vals n\u00fam. 14 op. p\u00f3stumo, todos de F. Chopin.<\/p>\n<p>Para m\u00e1s informaci\u00f3n y compra de entradas para los conciertos del Ciclo de J\u00f3venes Int\u00e9rpretes, consultar la p\u00e1gina web www.auditoripaucasals.cat.<\/p>\n","protected":false},"excerpt":{"rendered":"<p>El domingo 27 de enero, a las 12 del mediod\u00eda, en el Auditori Pau Casals contin\u00faa el Ciclo de J\u00f3venes Int\u00e9rpretes con la actuaci\u00f3n de Berta Brull. Nacida en Tarragona hace casi veinte a\u00f1os, esta joven artista empez\u00f3 los estudios musicales a los 6 a\u00f1os en el Conservatorio Profesional de M\u00fasica de Tarragona en dos [&hellip;]<\/p>\n","protected":false},"author":1,"featured_media":22449,"comment_status":"open","ping_status":"closed","sticky":false,"template":"","format":"standard","meta":{"_acf_changed":false,"_et_pb_use_builder":"","_et_pb_old_content":"","_et_gb_content_width":"","content-type":"","footnotes":""},"categories":[],"tags":[],"dipi_cpt_category":[],"class_list":["post-24462","post","type-post","status-publish","format-standard","has-post-thumbnail","hentry"],"acf":[],"_links":{"self":[{"href":"https:\/\/www.elvendrellturisme.com\/es\/wp-json\/wp\/v2\/posts\/24462","targetHints":{"allow":["GET"]}}],"collection":[{"href":"https:\/\/www.elvendrellturisme.com\/es\/wp-json\/wp\/v2\/posts"}],"about":[{"href":"https:\/\/www.elvendrellturisme.com\/es\/wp-json\/wp\/v2\/types\/post"}],"author":[{"embeddable":true,"href":"https:\/\/www.elvendrellturisme.com\/es\/wp-json\/wp\/v2\/users\/1"}],"replies":[{"embeddable":true,"href":"https:\/\/www.elvendrellturisme.com\/es\/wp-json\/wp\/v2\/comments?post=24462"}],"version-history":[{"count":0,"href":"https:\/\/www.elvendrellturisme.com\/es\/wp-json\/wp\/v2\/posts\/24462\/revisions"}],"wp:featuredmedia":[{"embeddable":true,"href":"https:\/\/www.elvendrellturisme.com\/es\/wp-json\/wp\/v2\/media\/22449"}],"wp:attachment":[{"href":"https:\/\/www.elvendrellturisme.com\/es\/wp-json\/wp\/v2\/media?parent=24462"}],"wp:term":[{"taxonomy":"category","embeddable":true,"href":"https:\/\/www.elvendrellturisme.com\/es\/wp-json\/wp\/v2\/categories?post=24462"},{"taxonomy":"post_tag","embeddable":true,"href":"https:\/\/www.elvendrellturisme.com\/es\/wp-json\/wp\/v2\/tags?post=24462"},{"taxonomy":"dipi_cpt_category","embeddable":true,"href":"https:\/\/www.elvendrellturisme.com\/es\/wp-json\/wp\/v2\/dipi_cpt_category?post=24462"}],"curies":[{"name":"wp","href":"https:\/\/api.w.org\/{rel}","templated":true}]}}