{"id":24463,"date":"2013-01-23T10:22:52","date_gmt":"2013-01-23T10:22:52","guid":{"rendered":"http:\/\/tv.dms3labs.cat\/el-vendrell-participa-un-ano-mas-en-el-convenio-corner-de-promocion-turistica-de-la-diputacion-de-tarragona\/"},"modified":"2013-01-23T10:22:52","modified_gmt":"2013-01-23T10:22:52","slug":"el-vendrell-participa-un-ano-mas-en-el-convenio-corner-de-promocion-turistica-de-la-diputacion-de-tarragona","status":"publish","type":"post","link":"https:\/\/www.elvendrellturisme.com\/es\/el-vendrell-participa-un-ano-mas-en-el-convenio-corner-de-promocion-turistica-de-la-diputacion-de-tarragona\/","title":{"rendered":"El Vendrell participa un a\u00f1o m\u00e1s en el &quot;convenio c\u00f3rner&quot; de promoci\u00f3n tur\u00edstica de la Diputaci\u00f3n de Tarragona"},"content":{"rendered":"<p>El Ayuntamiento del Vendrell, junto con otros municipios de la demarcaci\u00f3n, ha revalidado con el Patronato de Turismo de la Diputaci\u00f3n de Tarragona el acuerdo conocido como \u201cconvenio c\u00f3rner\u201d, que regula la participaci\u00f3n conjunta y coordinada en ferias nacionales, estatales e internacionales, y el impulso de campa\u00f1as publicitarias y de acciones de comunicaci\u00f3n y m\u00e1rqueting conjuntas.<\/p>\n<p>En concreto, el acuerdo establece la asistencia a las ferias ITB, de Berl\u00edn; Mahana, de Toulouse; Vakantiebeurs, de Utrech, y WTM, de Londres. Con respecto a las ferias nacionales y estatales, se participar\u00e1 en el Sal\u00f3n Internacional del Turismo de Catalu\u00f1a, en Barcelona; en FITUR, en Madrid, y en NAVARTUR, en Pamplona, y se desarrollar\u00e1n promociones en Vitoria. El convenio corner tambi\u00e9n prev\u00e9 otras acciones promocionales en Catalu\u00f1a, el estado y el extranjero, como por ejemplo campa\u00f1as publicitarias en radio, portales de viajeros, campa\u00f1as de com\u00e0rqueting con agentes de viaje o un viaje de bloggers.<\/p>\n<p>El acuerdo, firmado por el alcalde Benet Jan\u00e9, demuestra un a\u00f1o m\u00e1s la capacidad de entendimiento entre las administraciones y los municipios implicados para unir esfuerzos y recursos en la promoci\u00f3n tur\u00edstica del territorio.<\/p>\n","protected":false},"excerpt":{"rendered":"<p>El Ayuntamiento del Vendrell, junto con otros municipios de la demarcaci\u00f3n, ha revalidado con el Patronato de Turismo de la Diputaci\u00f3n de Tarragona el acuerdo conocido como \u201cconvenio c\u00f3rner\u201d, que regula la participaci\u00f3n conjunta y coordinada en ferias nacionales, estatales e internacionales, y el impulso de campa\u00f1as publicitarias y de acciones de comunicaci\u00f3n y m\u00e1rqueting [&hellip;]<\/p>\n","protected":false},"author":1,"featured_media":22451,"comment_status":"open","ping_status":"closed","sticky":false,"template":"","format":"standard","meta":{"_acf_changed":false,"_et_pb_use_builder":"","_et_pb_old_content":"","_et_gb_content_width":"","content-type":"","footnotes":""},"categories":[],"tags":[],"dipi_cpt_category":[],"class_list":["post-24463","post","type-post","status-publish","format-standard","has-post-thumbnail","hentry"],"acf":[],"_links":{"self":[{"href":"https:\/\/www.elvendrellturisme.com\/es\/wp-json\/wp\/v2\/posts\/24463","targetHints":{"allow":["GET"]}}],"collection":[{"href":"https:\/\/www.elvendrellturisme.com\/es\/wp-json\/wp\/v2\/posts"}],"about":[{"href":"https:\/\/www.elvendrellturisme.com\/es\/wp-json\/wp\/v2\/types\/post"}],"author":[{"embeddable":true,"href":"https:\/\/www.elvendrellturisme.com\/es\/wp-json\/wp\/v2\/users\/1"}],"replies":[{"embeddable":true,"href":"https:\/\/www.elvendrellturisme.com\/es\/wp-json\/wp\/v2\/comments?post=24463"}],"version-history":[{"count":0,"href":"https:\/\/www.elvendrellturisme.com\/es\/wp-json\/wp\/v2\/posts\/24463\/revisions"}],"wp:featuredmedia":[{"embeddable":true,"href":"https:\/\/www.elvendrellturisme.com\/es\/wp-json\/wp\/v2\/media\/22451"}],"wp:attachment":[{"href":"https:\/\/www.elvendrellturisme.com\/es\/wp-json\/wp\/v2\/media?parent=24463"}],"wp:term":[{"taxonomy":"category","embeddable":true,"href":"https:\/\/www.elvendrellturisme.com\/es\/wp-json\/wp\/v2\/categories?post=24463"},{"taxonomy":"post_tag","embeddable":true,"href":"https:\/\/www.elvendrellturisme.com\/es\/wp-json\/wp\/v2\/tags?post=24463"},{"taxonomy":"dipi_cpt_category","embeddable":true,"href":"https:\/\/www.elvendrellturisme.com\/es\/wp-json\/wp\/v2\/dipi_cpt_category?post=24463"}],"curies":[{"name":"wp","href":"https:\/\/api.w.org\/{rel}","templated":true}]}}