{"id":24464,"date":"2013-01-23T14:27:14","date_gmt":"2013-01-23T14:27:14","guid":{"rendered":"http:\/\/tv.dms3labs.cat\/el-vendrell-celebrara-el-3-de-febrero-la-27a-xatonada-popular\/"},"modified":"2013-01-23T14:27:14","modified_gmt":"2013-01-23T14:27:14","slug":"el-vendrell-celebrara-el-3-de-febrero-la-27a-xatonada-popular","status":"publish","type":"post","link":"https:\/\/www.elvendrellturisme.com\/es\/el-vendrell-celebrara-el-3-de-febrero-la-27a-xatonada-popular\/","title":{"rendered":"El Vendrell celebrar\u00e1 el 3 de febrero la 27\u00aa Xatonada Popular"},"content":{"rendered":"<p>Ayer por la tarde, en la Sala Polivalente del Portal del Pardo, tuvo lugar la presentaci\u00f3n de la 27\u00aa Xatonada Popular de Vendrell, que tendr\u00e1 lugar el pr\u00f3ximo 3 de febrero. El acto tambi\u00e9n incluy\u00f3 una degustaci\u00f3 simb\u00f3lica de este plato t\u00edpico y el gesto simb\u00f3lico de &quot;aixetonar&quot; la bota de vino nuevo. Adem\u00e1s del alcalde, la presentaci\u00f3n cont\u00f3 con la asistencia de la regidora de Promoci\u00f3n Econ\u00f3mica, Comercio, Turismo y Playas, \u00c0ngels Turdiu; el primer teniente de alcalde, Mart\u00ed Carnicer; el presidente de la Asociaci\u00f3n Gastron\u00f3mica de la Universidad del Xat\u00f3 de Catalu\u00f1a, Paco Azuaga; as\u00ed como varios colaboradores de la Xatonada vendrellenca.<\/p>\n<p>La regidora de Promoci\u00f3n Econ\u00f3mica, \u00c0ngels Turdiu, destac\u00f3 que &quot;la Xatonada Popular del Vendrell se mantiene como una fiesta gastron\u00f3mica de referencia dentro de la Ruta del Xat\u00f3 y es un elemento importante de atracci\u00f3n de visitantes y, por lo tanto, de promoci\u00f3n tur\u00edstica del municipio&quot;. Adem\u00e1s, subray\u00f3 que &quot;nuestra Xatonada Popular tiene un gran valor espec\u00edfico por la exhibici\u00f3n de xatonaires infantiles, que llena la Rambla del Vendrell con 200 ni\u00f1os haciendo xat\u00f3&quot;. En este sentido, el presidente de la Asociaci\u00f3n Gastron\u00f3mica de la Universidad del Xat\u00f3 de Catalu\u00f1a, Paco Azuaga, agradeci\u00f3 al Ayuntamiento del Vendrell el hecho de mantener los cursillos &quot;Aprende a hacer xat\u00f3&quot;, que &quot;este a\u00f1o se han llenado a los pocos d\u00edas de abrirse las inscripciones y, durante la pr\u00f3xima semana, 240 ni\u00f1os participar\u00e1n&quot;. Por otro lado, el cursillo de adultos tambi\u00e9n se ha llenado con 75 participantes.<\/p>\n<p>Con respecto al Concurso de Maestros Xatonaires, del cual todav\u00eda queda alguna plaza libre para poder participar, hay que decir que contar\u00e1 con los tradicionales premios para los tres primeros clasificados (1r clasificado: 300 \u20ac y caf\u00e9 Brasilia para un a\u00f1o; 2o clasificado: 150 \u20ac y caf\u00e9 Brasilia para medio a\u00f1o, y 3r clasificado: 100 \u20ac y caf\u00e9 Brasilia para tres meses). Tambi\u00e9n se obsequiar\u00e1 a los seis primeros clasificados con dos xatonades gentileza de varios restaurantes del Vendrell y, adem\u00e1s, todos los participantes del Concurso recibir\u00e1n un diploma acreditativo y un lote de caf\u00e9s Brasilia.<\/p>\n<p>El Jurado del Concurso estar\u00e1 formado por Benet Jan\u00e9, alcalde del Vendrell; Ferm\u00ed Puig, chef y embajador de la Ruta del Xat\u00f3; Enric Riber, periodista y escritor de gastronom\u00eda; Paco Azuaga, presidente de la Asociaci\u00f3n Gastron\u00f3mica de la Universidad del Xat\u00f3 de Catalu\u00f1a; M. Carme Fern\u00e1ndez, ganadora del Concurso de Maestros Xatonaires del 2012; Jordi Oll\u00e9, fundador del Gremio de Hosteler\u00eda del Baix Pened\u00e8s; Jordi Guasch, vicepresidente de los Diablons del Vendrell; Albert Rosa, periodista y blocaire que gestiona el blog Chef pirata; Txaber Allu\u00e9, profesor de la URV y blocarie que gestiona el blog El cocinero fiel; Judit Huerta, periodista de TVE; Mag\u00ed Mateu, presidente del Centro de Iniciativas y Turismo, y Rodri S\u00e1nchez, presidente de la colla castellera Nens del Vendrell.<\/p>\n<p>As\u00ed, pues, el domingo 3 de febrero, la Xatonada Popular del Vendrell contar\u00e1 con los actos habituales: a partir de las 10 h, en la Rambla del Vendrell tendr\u00e1n lugar el 27\u00ba Concurso de Maestros Xatonaires, la 26\u00aa Exhibici\u00f3n de Xatonaires Infantiles y la 20\u00aa Feria de productos alimentarios naturales y artesanales. Y, un a\u00f1o m\u00e1s, los visitantes podr\u00e1n jugar, por un euro, en una ruleta de obsequios relacionados con el xat\u00f3, que contar\u00e1 con la colaboraci\u00f3n de varias entidades del Vendrell. Todo el dinero que se recaude ir\u00e1 destinado a C\u00e0ritas Parroquial.<br \/>\nRespecto a los actos programados dentro de la Ruta del Xat\u00f3, el pasado fin de semana El Vendrell particip\u00f3 en la Xatonada de Vilafranca del Pened\u00e8s para ofrecer una degustaci\u00f3n del xat\u00f3 propio de la capital del Baix Pened\u00e8s.<\/p>\n","protected":false},"excerpt":{"rendered":"<p>Ayer por la tarde, en la Sala Polivalente del Portal del Pardo, tuvo lugar la presentaci\u00f3n de la 27\u00aa Xatonada Popular de Vendrell, que tendr\u00e1 lugar el pr\u00f3ximo 3 de febrero. El acto tambi\u00e9n incluy\u00f3 una degustaci\u00f3 simb\u00f3lica de este plato t\u00edpico y el gesto simb\u00f3lico de &quot;aixetonar&quot; la bota de vino nuevo. Adem\u00e1s del [&hellip;]<\/p>\n","protected":false},"author":1,"featured_media":22453,"comment_status":"open","ping_status":"closed","sticky":false,"template":"","format":"standard","meta":{"_acf_changed":false,"_et_pb_use_builder":"","_et_pb_old_content":"","_et_gb_content_width":"","content-type":"","footnotes":""},"categories":[],"tags":[],"dipi_cpt_category":[],"class_list":["post-24464","post","type-post","status-publish","format-standard","has-post-thumbnail","hentry"],"acf":[],"_links":{"self":[{"href":"https:\/\/www.elvendrellturisme.com\/es\/wp-json\/wp\/v2\/posts\/24464","targetHints":{"allow":["GET"]}}],"collection":[{"href":"https:\/\/www.elvendrellturisme.com\/es\/wp-json\/wp\/v2\/posts"}],"about":[{"href":"https:\/\/www.elvendrellturisme.com\/es\/wp-json\/wp\/v2\/types\/post"}],"author":[{"embeddable":true,"href":"https:\/\/www.elvendrellturisme.com\/es\/wp-json\/wp\/v2\/users\/1"}],"replies":[{"embeddable":true,"href":"https:\/\/www.elvendrellturisme.com\/es\/wp-json\/wp\/v2\/comments?post=24464"}],"version-history":[{"count":0,"href":"https:\/\/www.elvendrellturisme.com\/es\/wp-json\/wp\/v2\/posts\/24464\/revisions"}],"wp:featuredmedia":[{"embeddable":true,"href":"https:\/\/www.elvendrellturisme.com\/es\/wp-json\/wp\/v2\/media\/22453"}],"wp:attachment":[{"href":"https:\/\/www.elvendrellturisme.com\/es\/wp-json\/wp\/v2\/media?parent=24464"}],"wp:term":[{"taxonomy":"category","embeddable":true,"href":"https:\/\/www.elvendrellturisme.com\/es\/wp-json\/wp\/v2\/categories?post=24464"},{"taxonomy":"post_tag","embeddable":true,"href":"https:\/\/www.elvendrellturisme.com\/es\/wp-json\/wp\/v2\/tags?post=24464"},{"taxonomy":"dipi_cpt_category","embeddable":true,"href":"https:\/\/www.elvendrellturisme.com\/es\/wp-json\/wp\/v2\/dipi_cpt_category?post=24464"}],"curies":[{"name":"wp","href":"https:\/\/api.w.org\/{rel}","templated":true}]}}