{"id":24467,"date":"2013-02-04T09:06:53","date_gmt":"2013-02-04T09:06:53","guid":{"rendered":"http:\/\/tv.dms3labs.cat\/el-alcalde-del-vendrell-benet-jane-y-la-regidora-de-turismo-angels-turdiu-visitan-fitur\/"},"modified":"2013-02-04T09:06:53","modified_gmt":"2013-02-04T09:06:53","slug":"el-alcalde-del-vendrell-benet-jane-y-la-regidora-de-turismo-angels-turdiu-visitan-fitur","status":"publish","type":"post","link":"https:\/\/www.elvendrellturisme.com\/es\/el-alcalde-del-vendrell-benet-jane-y-la-regidora-de-turismo-angels-turdiu-visitan-fitur\/","title":{"rendered":"El alcalde del Vendrell, Benet Jan\u00e9, y la regidora de Turismo, \u00c0ngels Turdiu, visitan FITUR"},"content":{"rendered":"<p>El Vendrell ha estado presente en la feria de turismo FITUR de Madrid a trav\u00e9s del convenio c\u00f2rner del Patronato de Turismo de la Diputaci\u00f3n de Tarragona-Costa Dorada. Este certamen se inaugur\u00f3 el 30 de enero, estar\u00e1 abierto hasta el domingo 3 de febrero y tiene previsto recibir m\u00e1s de 200.000 visitantes profesionales.<\/p>\n<p>La oferta tur\u00edstica del Vendrell est\u00e1 representada al estand de la marca tur\u00edstica Costa Dorada, junto con gran variedad de productos como por ejemplo el turismo cultural, deportivo, gastron\u00f3mico, n\u00e1utico, litoral y de salud y bienestar que ofrece el municipio.<\/p>\n<p>Hablar de Fitur es hablar del encuentro de los profesionales del turismo para definir las l\u00edneas de trabajo, estrategias y alianzas empresariales con el fin de dinamizar y reforzar la actividad tur\u00edstica, innovando para atender las cambiantes demandas del mercado. Instituciones promotoras, empresas operadoras en la gesti\u00f3n y desarrollos tur\u00edsticos internacionales tienen su punto de encuentro en Madrid en Fitur.<\/p>\n<p>En este sentido, se mantuvieron contactos con operadores de turismo ruso para planificar encuentros en Vendrell para poderles ense\u00f1ar in situ la oferta tur\u00edstica del municipio. Estos encuentros ya se inician el pr\u00f3ximo viernes con NT Incoming. Por otro lado, la regidora de Turismo, \u00c0ngels Turdiu, se reuni\u00f3 con el director de la Agencia Catalana del Turismo, Xavier Espasa, para continuar trabajando en la definici\u00f3n del Vendrell como destino tur\u00edstico familiar.<\/p>\n","protected":false},"excerpt":{"rendered":"<p>El Vendrell ha estado presente en la feria de turismo FITUR de Madrid a trav\u00e9s del convenio c\u00f2rner del Patronato de Turismo de la Diputaci\u00f3n de Tarragona-Costa Dorada. Este certamen se inaugur\u00f3 el 30 de enero, estar\u00e1 abierto hasta el domingo 3 de febrero y tiene previsto recibir m\u00e1s de 200.000 visitantes profesionales. La oferta [&hellip;]<\/p>\n","protected":false},"author":1,"featured_media":22458,"comment_status":"open","ping_status":"closed","sticky":false,"template":"","format":"standard","meta":{"_acf_changed":false,"_et_pb_use_builder":"","_et_pb_old_content":"","_et_gb_content_width":"","content-type":"","footnotes":""},"categories":[],"tags":[],"dipi_cpt_category":[],"class_list":["post-24467","post","type-post","status-publish","format-standard","has-post-thumbnail","hentry"],"acf":[],"_links":{"self":[{"href":"https:\/\/www.elvendrellturisme.com\/es\/wp-json\/wp\/v2\/posts\/24467","targetHints":{"allow":["GET"]}}],"collection":[{"href":"https:\/\/www.elvendrellturisme.com\/es\/wp-json\/wp\/v2\/posts"}],"about":[{"href":"https:\/\/www.elvendrellturisme.com\/es\/wp-json\/wp\/v2\/types\/post"}],"author":[{"embeddable":true,"href":"https:\/\/www.elvendrellturisme.com\/es\/wp-json\/wp\/v2\/users\/1"}],"replies":[{"embeddable":true,"href":"https:\/\/www.elvendrellturisme.com\/es\/wp-json\/wp\/v2\/comments?post=24467"}],"version-history":[{"count":0,"href":"https:\/\/www.elvendrellturisme.com\/es\/wp-json\/wp\/v2\/posts\/24467\/revisions"}],"wp:featuredmedia":[{"embeddable":true,"href":"https:\/\/www.elvendrellturisme.com\/es\/wp-json\/wp\/v2\/media\/22458"}],"wp:attachment":[{"href":"https:\/\/www.elvendrellturisme.com\/es\/wp-json\/wp\/v2\/media?parent=24467"}],"wp:term":[{"taxonomy":"category","embeddable":true,"href":"https:\/\/www.elvendrellturisme.com\/es\/wp-json\/wp\/v2\/categories?post=24467"},{"taxonomy":"post_tag","embeddable":true,"href":"https:\/\/www.elvendrellturisme.com\/es\/wp-json\/wp\/v2\/tags?post=24467"},{"taxonomy":"dipi_cpt_category","embeddable":true,"href":"https:\/\/www.elvendrellturisme.com\/es\/wp-json\/wp\/v2\/dipi_cpt_category?post=24467"}],"curies":[{"name":"wp","href":"https:\/\/api.w.org\/{rel}","templated":true}]}}