{"id":24469,"date":"2013-02-06T09:54:17","date_gmt":"2013-02-06T09:54:17","guid":{"rendered":"http:\/\/tv.dms3labs.cat\/novedades-del-carnaval-del-vendrell-2013\/"},"modified":"2013-02-06T09:54:17","modified_gmt":"2013-02-06T09:54:17","slug":"novedades-del-carnaval-del-vendrell-2013","status":"publish","type":"post","link":"https:\/\/www.elvendrellturisme.com\/es\/novedades-del-carnaval-del-vendrell-2013\/","title":{"rendered":"Novedades del Carnaval del Vendrell 2013"},"content":{"rendered":"<p>El Carnaval del Vendrell 2013 llega pleno de novedades para recibir al rey Carnestoltes este jueves 7 de febrero. Para empezar a animar el ambiente, el mismo jueves a partir de las 17.30 h habr\u00e1 una chocolatada infantil en la pla\u00e7a Nova, para animar los m\u00e1s peque\u00f1os a lucir sus disfraces, a la vez que se repartir\u00e1n bolsas de confeti (algunas con premio) entre los ni\u00f1os asistentes. Entre estos premios destacan las dos entradas para ver el espect\u00e1culo familiar La Bestia de la Mar Salada en el Teatro Municipal \u00c0ngel Guimer\u00e0, el pr\u00f3ximo domingo 24 de febrero a las 12 h. A las 18 h empezar\u00e1 el espect\u00e1culo de magia Per Carnaval la m\u00e0gia s&#8217;hi val, a cargo de l&#8217;Associaci\u00f3 SMILe de La Lira Vendrellenca. Seguidamente (a las 18.45 h), se producir\u00e1 la llegada del Carnestoltes, que, este a\u00f1o, vendr\u00e1 acompa\u00f1ado de una numerosa comitiva, entre la cual habr\u00e1 alumnas de la escuela de artes esc\u00e9nicas Aula 3, que bailar\u00e1n el Carnaval Style. Posteriormente, todos los asistentes escoltar\u00e1n a S.M. el Rey Carnestoltes hasta la pla\u00e7a Vella, en donde har\u00e1 su tradicional discurso.<\/p>\n<p>El viernes 8 de febrero a las 20 h, tendr\u00e1 lugar la salida del Desfile de Carnaval desde l&#8217;avinguda del Camp d&#8217;Esports. Hay que recordar que, este a\u00f1o, finalizar\u00e1 al Centre d&#8217;oci Les Mates. Ser\u00e1 en este punto donde se har\u00e1 lo entrega de premios a las mejores carrozas y comparsas. Adem\u00e1s, en Les Mates se realizar\u00e1 una cena a precio popular, amenizado por los grupos Sams Blues Band y Hurakan Band. Esta actividad se alargar\u00e1 hasta medianoche (todos los participantes que quieran dejar su carroza en el recinto del Centre d&#8217;oci Les Mates dispondr\u00e1n de vigilancia privada).<\/p>\n<p>Durante todo el Carnaval del Vendrell 2013 tambi\u00e9n existir\u00e1 la opci\u00f3n de participar en un concurso 2.0. En este caso, la actividad 2.0 consistir\u00e1 en enviar una foto de alg\u00fan momento del Carnaval del Vendrell a la p\u00e1gina de Facebook de la Regidoria de Festes del Ayuntamiento del Vendrell. Los participantes optar\u00e1n al premio de una comida para dos personas, gentileza del restaurante Stil.<\/p>\n<p>Cortes de calle y cambios de sentido con motivo del Desfile del Carnaval<\/p>\n<p>De 17.30 h a 21 h aproximadamente, durante la concentraci\u00f3n de las carrozas, quedan cortadas las siguientes calles:<br \/>\n-Av. Camp d&#8217;Esports<br \/>\n-C\/ Magn\u00f2lies<br \/>\n-C\/ Barcelon\u00e8s<br \/>\n-Av. Escoles<br \/>\n-C\/ Ester<\/p>\n<p>Una vez comenzado el Desfile, a partir de las 20 h, quedar\u00e1n cortadas:<br \/>\n-C\/ Flors (en sentido de bajada)<br \/>\n-C\/ Ribera d&#8217;Ebre<br \/>\n-Av. Baix Pened\u00e8s<br \/>\n-C\/ Roda<br \/>\n-C\/ Josep Maria de Sagarra<br \/>\n-Av. Pa\u00efsos Catalans<br \/>\n-C\/ Transversal<br \/>\n-C\/ Montagut<br \/>\n-C\/ Roquetes (a la altura del camino de Mas d&#8217;en Gual)<br \/>\n-C\/ Castellers<br \/>\n-C\/ Riera de la Bisbal<br \/>\n-C\/ Nou<br \/>\n-C\/ Santa Anna<br \/>\n-C\/ Cerdanya<br \/>\n-Av. Jaume Carner (a la altura del puente de la bajada del Puig)<br \/>\n-C\/ Orient<br \/>\n-La Rambla (laterales)<br \/>\n-Ctra. Valls (a la altura de la ctra. Santa Oliva)<br \/>\n-C\/ Nord<br \/>\n-C\/ Colom (a la altura del parking)<br \/>\n-C\/ Margall\u00f3 (a la altura de la ctra. Calafell)<br \/>\n-C\/ Jonquills<br \/>\n-Ctra. Barcelona (C-51)<\/p>\n<p>Asimismo, una vez que comience el Desfile, a partir de las 20 h, habr\u00e1n los siguientes cambios de sentido:<br \/>\n-C\/ Rasa d&#8217;en Sol\u00e0 (ser\u00e1 de subida)<br \/>\n-C\/ Puig y Llagostera (ser\u00e1 de bajada)<\/p>\n","protected":false},"excerpt":{"rendered":"<p>El Carnaval del Vendrell 2013 llega pleno de novedades para recibir al rey Carnestoltes este jueves 7 de febrero. Para empezar a animar el ambiente, el mismo jueves a partir de las 17.30 h habr\u00e1 una chocolatada infantil en la pla\u00e7a Nova, para animar los m\u00e1s peque\u00f1os a lucir sus disfraces, a la vez que [&hellip;]<\/p>\n","protected":false},"author":1,"featured_media":22462,"comment_status":"open","ping_status":"closed","sticky":false,"template":"","format":"standard","meta":{"_acf_changed":false,"_et_pb_use_builder":"","_et_pb_old_content":"","_et_gb_content_width":"","content-type":"","footnotes":""},"categories":[],"tags":[],"dipi_cpt_category":[],"class_list":["post-24469","post","type-post","status-publish","format-standard","has-post-thumbnail","hentry"],"acf":[],"_links":{"self":[{"href":"https:\/\/www.elvendrellturisme.com\/es\/wp-json\/wp\/v2\/posts\/24469","targetHints":{"allow":["GET"]}}],"collection":[{"href":"https:\/\/www.elvendrellturisme.com\/es\/wp-json\/wp\/v2\/posts"}],"about":[{"href":"https:\/\/www.elvendrellturisme.com\/es\/wp-json\/wp\/v2\/types\/post"}],"author":[{"embeddable":true,"href":"https:\/\/www.elvendrellturisme.com\/es\/wp-json\/wp\/v2\/users\/1"}],"replies":[{"embeddable":true,"href":"https:\/\/www.elvendrellturisme.com\/es\/wp-json\/wp\/v2\/comments?post=24469"}],"version-history":[{"count":0,"href":"https:\/\/www.elvendrellturisme.com\/es\/wp-json\/wp\/v2\/posts\/24469\/revisions"}],"wp:featuredmedia":[{"embeddable":true,"href":"https:\/\/www.elvendrellturisme.com\/es\/wp-json\/wp\/v2\/media\/22462"}],"wp:attachment":[{"href":"https:\/\/www.elvendrellturisme.com\/es\/wp-json\/wp\/v2\/media?parent=24469"}],"wp:term":[{"taxonomy":"category","embeddable":true,"href":"https:\/\/www.elvendrellturisme.com\/es\/wp-json\/wp\/v2\/categories?post=24469"},{"taxonomy":"post_tag","embeddable":true,"href":"https:\/\/www.elvendrellturisme.com\/es\/wp-json\/wp\/v2\/tags?post=24469"},{"taxonomy":"dipi_cpt_category","embeddable":true,"href":"https:\/\/www.elvendrellturisme.com\/es\/wp-json\/wp\/v2\/dipi_cpt_category?post=24469"}],"curies":[{"name":"wp","href":"https:\/\/api.w.org\/{rel}","templated":true}]}}