{"id":24473,"date":"2013-02-15T13:31:14","date_gmt":"2013-02-15T13:31:14","guid":{"rendered":"http:\/\/tv.dms3labs.cat\/mas-de-2-600-persones-llenan-las-calles-del-vendrell-en-la-rua-de-carnaval-2013\/"},"modified":"2013-02-15T13:31:14","modified_gmt":"2013-02-15T13:31:14","slug":"mas-de-2-600-persones-llenan-las-calles-del-vendrell-en-la-rua-de-carnaval-2013","status":"publish","type":"post","link":"https:\/\/www.elvendrellturisme.com\/es\/mas-de-2-600-persones-llenan-las-calles-del-vendrell-en-la-rua-de-carnaval-2013\/","title":{"rendered":"M\u00e1s de 2.600 persones llenan las calles del Vendrell en la Rua de Carnaval 2013"},"content":{"rendered":"<p>El Carnaval de Vendrell 2013 reuni\u00f3 2.675 personas que participaron en el Desfile de Carnaval del pasado viernes 8 de febrero, repartidos en 21 carrozas y 6 comparsas, en un recorrido por el centro de la villa que este a\u00f1o finaliz\u00f3, como novedad, en el Centro de ocio Las Matas.<\/p>\n<p>Otra de las sorpresas de este a\u00f1o fue la entrega de premios a las carrozas, comparsas y disfraces m\u00e1s originales, divertidos y elaborados. Los ganadores en las diferentes categor\u00edas fueron:<\/p>\n<p>Carrozas locales<br \/>\n1r premio: Los zorros de Vendrell<br \/>\n2n premio: Festa d&#8217;aniversari<\/p>\n<p>Carrozas de fuera<br \/>\n1r premio: El somni d&#8217;un poble (Guardiola de Font-rub\u00ed)<br \/>\n2n premio: La Sagrada Gresca (Santa Margarida i els Monjos)<\/p>\n<p>Mejor coreograf\u00eda<br \/>\n1r premio: Ex\u00e8rcit del bosc (Torrelavit)<br \/>\n2n premio: El ritme m\u00e0gic de la guineu(Vilafranca del Pened\u00e8s)<\/p>\n<p>Mejor comparsa<br \/>\n1r premio: La transformaci\u00f3 del cigne negre (el Vendrell)<br \/>\n2n premio: Meravelles marines (Cabanyes)<\/p>\n<p>Disfraza m\u00e1s original (premio \u00fanico)<br \/>\nSortint del t\u00fanel (Clariana)<\/p>\n<p>Desde la Regidur\u00eda de Fiestas del Ayuntamiento del Vendrell y la Comisi\u00f3n de Fiestas del Vendrell, se ha hecho una valoraci\u00f3n positiva tanto del funcionamiento y la participaci\u00f3n del Carnaval 2013 c\u00f3mo de los actos previos organizados Dijous Gras. En este sentido, desde la organizaci\u00f3n se ha destacado la notable participaci\u00f3n de gente que llen\u00f3 la pla\u00e7a Nova para recibir el Rey Carnestoltes, donde previamente se hab\u00edan repartido 400 raciones de chocolate y 600 paquetes de confeti entre los m\u00e1s peque\u00f1os.<\/p>\n","protected":false},"excerpt":{"rendered":"<p>El Carnaval de Vendrell 2013 reuni\u00f3 2.675 personas que participaron en el Desfile de Carnaval del pasado viernes 8 de febrero, repartidos en 21 carrozas y 6 comparsas, en un recorrido por el centro de la villa que este a\u00f1o finaliz\u00f3, como novedad, en el Centro de ocio Las Matas. Otra de las sorpresas de [&hellip;]<\/p>\n","protected":false},"author":1,"featured_media":22470,"comment_status":"open","ping_status":"closed","sticky":false,"template":"","format":"standard","meta":{"_acf_changed":false,"_et_pb_use_builder":"","_et_pb_old_content":"","_et_gb_content_width":"","content-type":"","footnotes":""},"categories":[],"tags":[],"dipi_cpt_category":[],"class_list":["post-24473","post","type-post","status-publish","format-standard","has-post-thumbnail","hentry"],"acf":[],"_links":{"self":[{"href":"https:\/\/www.elvendrellturisme.com\/es\/wp-json\/wp\/v2\/posts\/24473","targetHints":{"allow":["GET"]}}],"collection":[{"href":"https:\/\/www.elvendrellturisme.com\/es\/wp-json\/wp\/v2\/posts"}],"about":[{"href":"https:\/\/www.elvendrellturisme.com\/es\/wp-json\/wp\/v2\/types\/post"}],"author":[{"embeddable":true,"href":"https:\/\/www.elvendrellturisme.com\/es\/wp-json\/wp\/v2\/users\/1"}],"replies":[{"embeddable":true,"href":"https:\/\/www.elvendrellturisme.com\/es\/wp-json\/wp\/v2\/comments?post=24473"}],"version-history":[{"count":0,"href":"https:\/\/www.elvendrellturisme.com\/es\/wp-json\/wp\/v2\/posts\/24473\/revisions"}],"wp:featuredmedia":[{"embeddable":true,"href":"https:\/\/www.elvendrellturisme.com\/es\/wp-json\/wp\/v2\/media\/22470"}],"wp:attachment":[{"href":"https:\/\/www.elvendrellturisme.com\/es\/wp-json\/wp\/v2\/media?parent=24473"}],"wp:term":[{"taxonomy":"category","embeddable":true,"href":"https:\/\/www.elvendrellturisme.com\/es\/wp-json\/wp\/v2\/categories?post=24473"},{"taxonomy":"post_tag","embeddable":true,"href":"https:\/\/www.elvendrellturisme.com\/es\/wp-json\/wp\/v2\/tags?post=24473"},{"taxonomy":"dipi_cpt_category","embeddable":true,"href":"https:\/\/www.elvendrellturisme.com\/es\/wp-json\/wp\/v2\/dipi_cpt_category?post=24473"}],"curies":[{"name":"wp","href":"https:\/\/api.w.org\/{rel}","templated":true}]}}