{"id":24475,"date":"2013-02-20T10:15:08","date_gmt":"2013-02-20T10:15:08","guid":{"rendered":"http:\/\/tv.dms3labs.cat\/viii-open-btt-tour-al-vendrell\/"},"modified":"2013-02-20T10:15:08","modified_gmt":"2013-02-20T10:15:08","slug":"viii-open-btt-tour-al-vendrell","status":"publish","type":"post","link":"https:\/\/www.elvendrellturisme.com\/es\/viii-open-btt-tour-al-vendrell\/","title":{"rendered":"VIII Open BTT Tour al Vendrell"},"content":{"rendered":"<p>El pr\u00f3ximo 3 de marzo, a las 9 h, empezar\u00e1 una nueva aventura de la Open BTT Tour al Vendrell.<\/p>\n<p>El escenario de inicio ser\u00e1 la zona de las instalaciones deportivas del Patronato Municipal de Deportes de la avenida del Camp d&#8217;Esports y se prev\u00e9 que participen unas 800 personas, como en la anterior edici\u00f3n.<\/p>\n<p>Como novedades, este a\u00f1o se har\u00e1n tres circuitos de diferentes dificultades: uno de 18 kil\u00f3metros, de nivel bajo y con un avituallament; uno de 47 kil\u00f3metros, de nivel alto y con dos avituallaments, y uno de 65 kil\u00f3metros, de nivel muy alto y tres avituallaments. A la llegada, todos los participantes recibir\u00e1n obsequios y disfrutar\u00e1n de una botifarrada para recuperar las fuerzas.<\/p>\n<p>La regidora de Turismo y Comercio, \u00c0ngels Turdiu, valora muy positivamente la organizaci\u00f3n de este gran acontecimiento deportivo en el municipio de Vendrell porque tambi\u00e9n reporta un beneficio para el sector tur\u00edstico, &quot;puesto que los participantes y sus acompa\u00f1antes hacen estancia en hoteles del Vendrell y su presencia tambi\u00e9n genera actividad econ\u00f3mica en los establecimientos comerciales del municipio&quot;.<\/p>\n<p>La organizaci\u00f3n de la Open BTT Tour ha manifestado la voluntad de continuar organizando el inicio  al Vendrell, donde siempre han encontrado una buena predisposici\u00f3n y colaboraci\u00f3n y d\u00f3nde, a\u00f1o tras a\u00f1o, se descubren nuevos circuitos muy valorados por los practicantes de BTT.<\/p>\n<p>M\u00e1s informaci\u00f3n e inscripciones: www.openbttour.com<\/p>\n","protected":false},"excerpt":{"rendered":"<p>El pr\u00f3ximo 3 de marzo, a las 9 h, empezar\u00e1 una nueva aventura de la Open BTT Tour al Vendrell. El escenario de inicio ser\u00e1 la zona de las instalaciones deportivas del Patronato Municipal de Deportes de la avenida del Camp d&#8217;Esports y se prev\u00e9 que participen unas 800 personas, como en la anterior edici\u00f3n. [&hellip;]<\/p>\n","protected":false},"author":1,"featured_media":22474,"comment_status":"open","ping_status":"closed","sticky":false,"template":"","format":"standard","meta":{"_acf_changed":false,"_et_pb_use_builder":"","_et_pb_old_content":"","_et_gb_content_width":"","content-type":"","footnotes":""},"categories":[],"tags":[],"dipi_cpt_category":[],"class_list":["post-24475","post","type-post","status-publish","format-standard","has-post-thumbnail","hentry"],"acf":[],"_links":{"self":[{"href":"https:\/\/www.elvendrellturisme.com\/es\/wp-json\/wp\/v2\/posts\/24475","targetHints":{"allow":["GET"]}}],"collection":[{"href":"https:\/\/www.elvendrellturisme.com\/es\/wp-json\/wp\/v2\/posts"}],"about":[{"href":"https:\/\/www.elvendrellturisme.com\/es\/wp-json\/wp\/v2\/types\/post"}],"author":[{"embeddable":true,"href":"https:\/\/www.elvendrellturisme.com\/es\/wp-json\/wp\/v2\/users\/1"}],"replies":[{"embeddable":true,"href":"https:\/\/www.elvendrellturisme.com\/es\/wp-json\/wp\/v2\/comments?post=24475"}],"version-history":[{"count":0,"href":"https:\/\/www.elvendrellturisme.com\/es\/wp-json\/wp\/v2\/posts\/24475\/revisions"}],"wp:featuredmedia":[{"embeddable":true,"href":"https:\/\/www.elvendrellturisme.com\/es\/wp-json\/wp\/v2\/media\/22474"}],"wp:attachment":[{"href":"https:\/\/www.elvendrellturisme.com\/es\/wp-json\/wp\/v2\/media?parent=24475"}],"wp:term":[{"taxonomy":"category","embeddable":true,"href":"https:\/\/www.elvendrellturisme.com\/es\/wp-json\/wp\/v2\/categories?post=24475"},{"taxonomy":"post_tag","embeddable":true,"href":"https:\/\/www.elvendrellturisme.com\/es\/wp-json\/wp\/v2\/tags?post=24475"},{"taxonomy":"dipi_cpt_category","embeddable":true,"href":"https:\/\/www.elvendrellturisme.com\/es\/wp-json\/wp\/v2\/dipi_cpt_category?post=24475"}],"curies":[{"name":"wp","href":"https:\/\/api.w.org\/{rel}","templated":true}]}}