{"id":24476,"date":"2013-02-20T10:26:46","date_gmt":"2013-02-20T10:26:46","guid":{"rendered":"http:\/\/tv.dms3labs.cat\/el-tag-inicia-la-programacion-del-primer-semestre-del-2013-con-teatro-familiar\/"},"modified":"2013-02-20T10:26:46","modified_gmt":"2013-02-20T10:26:46","slug":"el-tag-inicia-la-programacion-del-primer-semestre-del-2013-con-teatro-familiar","status":"publish","type":"post","link":"https:\/\/www.elvendrellturisme.com\/es\/el-tag-inicia-la-programacion-del-primer-semestre-del-2013-con-teatro-familiar\/","title":{"rendered":"El T\u00c0G inicia la programaci\u00f3n del primer semestre del 2013 con teatro familiar"},"content":{"rendered":"<p>El pr\u00f3ximo domingo 24 de febrero, a las 12 h, se inicia la temporada del primer semestre del 2013 del Teatro \u00c0ngel Guimer\u00e0 (T\u00c0G) con una obra de teatro familiar. Concretamente, se trata de la producci\u00f3n La bestia de la mar salada, de la Compa\u00f1\u00eda Pareja de 2. Es la historia de un viejo marinero, el Capit\u00e1n Bromera, y de su fiel ayudante, el Grumete Canyafluixa, que, a bordo del Tastavents, su barco tronado, navegan por las aguas de los cinco oc\u00e9anos para capturar a la temida Bestia de la mar salada.<\/p>\n<p>Las entradas de los espect\u00e1culos infantiles (sesi\u00f3n sin numerar) se pueden adquirir a las oficinas del Patronat Municipal de Serveis Culturals durante la misma semana de la representaci\u00f3n, o bien en las taquillas del teatro una hora antes de empezar la obra.<\/p>\n<p>Por otro lado, los responsables del T\u00c0G han informado que ya se han puesto a la venta las entradas de todas las obras programadas para este primer semestre del 2013. En este sentido, se recuerda que las entradas se pueden adquirir de forma anticipada en el Patronat Municipal de Serveis Culturals (la Rambla, 24), en la taquilla del T\u00c0G una hora antes de la representaci\u00f3n y en Tel-Entrada (tel. 902 10 12 12 y web www.telentrada.com).<\/p>\n<p>El pr\u00f3ximo espect\u00e1culo tendr\u00e1 lugar el viernes 15 de marzo, a las 22 h, con la presencia de Merc\u00e8 Sampietro y Eduard Iniesta, que interpretar\u00e1n la obra 9 maletas.<\/p>\n","protected":false},"excerpt":{"rendered":"<p>El pr\u00f3ximo domingo 24 de febrero, a las 12 h, se inicia la temporada del primer semestre del 2013 del Teatro \u00c0ngel Guimer\u00e0 (T\u00c0G) con una obra de teatro familiar. Concretamente, se trata de la producci\u00f3n La bestia de la mar salada, de la Compa\u00f1\u00eda Pareja de 2. Es la historia de un viejo marinero, [&hellip;]<\/p>\n","protected":false},"author":1,"featured_media":22476,"comment_status":"open","ping_status":"closed","sticky":false,"template":"","format":"standard","meta":{"_acf_changed":false,"_et_pb_use_builder":"","_et_pb_old_content":"","_et_gb_content_width":"","content-type":"","footnotes":""},"categories":[],"tags":[],"dipi_cpt_category":[],"class_list":["post-24476","post","type-post","status-publish","format-standard","has-post-thumbnail","hentry"],"acf":[],"_links":{"self":[{"href":"https:\/\/www.elvendrellturisme.com\/es\/wp-json\/wp\/v2\/posts\/24476","targetHints":{"allow":["GET"]}}],"collection":[{"href":"https:\/\/www.elvendrellturisme.com\/es\/wp-json\/wp\/v2\/posts"}],"about":[{"href":"https:\/\/www.elvendrellturisme.com\/es\/wp-json\/wp\/v2\/types\/post"}],"author":[{"embeddable":true,"href":"https:\/\/www.elvendrellturisme.com\/es\/wp-json\/wp\/v2\/users\/1"}],"replies":[{"embeddable":true,"href":"https:\/\/www.elvendrellturisme.com\/es\/wp-json\/wp\/v2\/comments?post=24476"}],"version-history":[{"count":0,"href":"https:\/\/www.elvendrellturisme.com\/es\/wp-json\/wp\/v2\/posts\/24476\/revisions"}],"wp:featuredmedia":[{"embeddable":true,"href":"https:\/\/www.elvendrellturisme.com\/es\/wp-json\/wp\/v2\/media\/22476"}],"wp:attachment":[{"href":"https:\/\/www.elvendrellturisme.com\/es\/wp-json\/wp\/v2\/media?parent=24476"}],"wp:term":[{"taxonomy":"category","embeddable":true,"href":"https:\/\/www.elvendrellturisme.com\/es\/wp-json\/wp\/v2\/categories?post=24476"},{"taxonomy":"post_tag","embeddable":true,"href":"https:\/\/www.elvendrellturisme.com\/es\/wp-json\/wp\/v2\/tags?post=24476"},{"taxonomy":"dipi_cpt_category","embeddable":true,"href":"https:\/\/www.elvendrellturisme.com\/es\/wp-json\/wp\/v2\/dipi_cpt_category?post=24476"}],"curies":[{"name":"wp","href":"https:\/\/api.w.org\/{rel}","templated":true}]}}