{"id":24477,"date":"2013-02-20T11:10:21","date_gmt":"2013-02-20T11:10:21","guid":{"rendered":"http:\/\/tv.dms3labs.cat\/el-conservatorio-de-vila-seca-en-el-ciclo-de-jovenes-interpretes-del-auditorio-pau-casals\/"},"modified":"2013-02-20T11:10:21","modified_gmt":"2013-02-20T11:10:21","slug":"el-conservatorio-de-vila-seca-en-el-ciclo-de-jovenes-interpretes-del-auditorio-pau-casals","status":"publish","type":"post","link":"https:\/\/www.elvendrellturisme.com\/es\/el-conservatorio-de-vila-seca-en-el-ciclo-de-jovenes-interpretes-del-auditorio-pau-casals\/","title":{"rendered":"El Conservatorio de Vila-seca en el Ciclo de J\u00f3venes Int\u00e9rpretes del Auditorio Pau Casals"},"content":{"rendered":"<p>Este domingo 24 de febrero, a las 12 del mediod\u00eda, dentro del Ciclo de J\u00f3venes Int\u00e9rpretes, los alumnos del Conservatorio de Vila-seca se presentar\u00e1n en el Auditorio Pau Casals y ofrecer\u00e1n un programa que har\u00e1 patente el importante trabajo pedag\u00f3gico de este centro docente.<\/p>\n<p>La primera parte del concierto ir\u00e1 a cargo, por un lado, de la pianista J\u00falia Fortuny, que interpretar\u00e1 la Sinfon\u00eda n\u00fam. 7 en m\u00ed menor BWV 793 de Bach, el Estudio n\u00fam. 17 en la menor op. 740 de C. Czerny y el Rond\u00f3 caprici\u00f3s op. 14, de Mendelssohn.<\/p>\n<p>Por otro lado, completar\u00e1 esta primera parte el Conjunto de Viento Franz Danzi con Antoni Alburquerque Subirats a la direcci\u00f3n y a los arreglos. Esta agrupaci\u00f3n musical interpretar\u00e1 la Apertura en si bemoll op. 99 de Prokofief, la Apertura del Rapto del Serrall de Mozart y la \u00d3pera de los tres rals de Weill.<\/p>\n<p>Despu\u00e9s la actuaci\u00f3n de esta agrupaci\u00f3n de vientos, iniciar\u00e1n la segunda parte los solistas de canto del Conservatorio. Los primeros ser\u00e1n Ana Gil-P\u00e9rez Tiz\u00f3n, soprano, y Merc\u00e8 March Vidal, soprano, acompa\u00f1adas por Adriana Raya Palmer al piano. Interpretar\u00e1n las piezas L\u00e4ndliches Lied op. 29 n.1-Canci\u00f3n campestre de Schumann y Los tres p\u00e1jaros del compositor franc\u00e9s Debiles.<\/p>\n<p>A continuaci\u00f3n, el grupo formado por Helena Botella Llevar\u00e1n, soprano, y Marc Guerris Farr\u00e9, contratenor, acompa\u00f1ados al piano por Aida Requesens Rodr\u00edguez, interpretar\u00e1n Ave verum de Jenkins y Das \u00c4hrenfeld de Mendelssohn.<\/p>\n<p>Para finalizar el concierto, actuar\u00e1 la Orquesta H\u00e4ndel, dirigida por Rafael Fabregat, acompa\u00f1ada del contratenor Marc Guerras, ganador del concurso tarraconense &quot;El solista y la orquesta&quot;, que interpretar\u00e1 la aria Widerstehe doch der S\u00fcnde de la cantata BWV 54 de Bach. A continuaci\u00f3n, la soprano Ana Gil, primer premio del concurso El solista y la orquesta&quot; de este a\u00f1o, conjuntamente con la orquesta, interpretar\u00e1 el aria Pianger\u00f3 la sorte mia de la \u00f3pera Juli C\u00e8sar de H\u00e4ndel.<\/p>\n<p>Despu\u00e9s de estos arias y de la apertura de la conocida obra El Messies del compositor que da nombre a la orquesta, interpretar\u00e1n el Concierto para dos violonchelos en solo menor de Vivaldi, con Albert Castan y Guillemos Vellv\u00e9 como solistas.<\/p>\n<p>Para m\u00e1s informaci\u00f3n y compra de entradas para los conciertos del Ciclo de J\u00f3venes Int\u00e9rpretes, consultar la web www.auditoripaucasals.cat.<\/p>\n","protected":false},"excerpt":{"rendered":"<p>Este domingo 24 de febrero, a las 12 del mediod\u00eda, dentro del Ciclo de J\u00f3venes Int\u00e9rpretes, los alumnos del Conservatorio de Vila-seca se presentar\u00e1n en el Auditorio Pau Casals y ofrecer\u00e1n un programa que har\u00e1 patente el importante trabajo pedag\u00f3gico de este centro docente. La primera parte del concierto ir\u00e1 a cargo, por un lado, [&hellip;]<\/p>\n","protected":false},"author":1,"featured_media":22478,"comment_status":"open","ping_status":"closed","sticky":false,"template":"","format":"standard","meta":{"_acf_changed":false,"_et_pb_use_builder":"","_et_pb_old_content":"","_et_gb_content_width":"","content-type":"","footnotes":""},"categories":[],"tags":[],"dipi_cpt_category":[],"class_list":["post-24477","post","type-post","status-publish","format-standard","has-post-thumbnail","hentry"],"acf":[],"_links":{"self":[{"href":"https:\/\/www.elvendrellturisme.com\/es\/wp-json\/wp\/v2\/posts\/24477","targetHints":{"allow":["GET"]}}],"collection":[{"href":"https:\/\/www.elvendrellturisme.com\/es\/wp-json\/wp\/v2\/posts"}],"about":[{"href":"https:\/\/www.elvendrellturisme.com\/es\/wp-json\/wp\/v2\/types\/post"}],"author":[{"embeddable":true,"href":"https:\/\/www.elvendrellturisme.com\/es\/wp-json\/wp\/v2\/users\/1"}],"replies":[{"embeddable":true,"href":"https:\/\/www.elvendrellturisme.com\/es\/wp-json\/wp\/v2\/comments?post=24477"}],"version-history":[{"count":0,"href":"https:\/\/www.elvendrellturisme.com\/es\/wp-json\/wp\/v2\/posts\/24477\/revisions"}],"wp:featuredmedia":[{"embeddable":true,"href":"https:\/\/www.elvendrellturisme.com\/es\/wp-json\/wp\/v2\/media\/22478"}],"wp:attachment":[{"href":"https:\/\/www.elvendrellturisme.com\/es\/wp-json\/wp\/v2\/media?parent=24477"}],"wp:term":[{"taxonomy":"category","embeddable":true,"href":"https:\/\/www.elvendrellturisme.com\/es\/wp-json\/wp\/v2\/categories?post=24477"},{"taxonomy":"post_tag","embeddable":true,"href":"https:\/\/www.elvendrellturisme.com\/es\/wp-json\/wp\/v2\/tags?post=24477"},{"taxonomy":"dipi_cpt_category","embeddable":true,"href":"https:\/\/www.elvendrellturisme.com\/es\/wp-json\/wp\/v2\/dipi_cpt_category?post=24477"}],"curies":[{"name":"wp","href":"https:\/\/api.w.org\/{rel}","templated":true}]}}