{"id":24478,"date":"2013-02-20T11:15:21","date_gmt":"2013-02-20T11:15:21","guid":{"rendered":"http:\/\/tv.dms3labs.cat\/la-obra-de-claudia-salamonesco-en-la-sala-portal-del-pardo\/"},"modified":"2013-02-20T11:15:21","modified_gmt":"2013-02-20T11:15:21","slug":"la-obra-de-claudia-salamonesco-en-la-sala-portal-del-pardo","status":"publish","type":"post","link":"https:\/\/www.elvendrellturisme.com\/es\/la-obra-de-claudia-salamonesco-en-la-sala-portal-del-pardo\/","title":{"rendered":"La obra de Claudia Salamonesco en la Sala Portal del Pardo"},"content":{"rendered":"<p>El pr\u00f3ximo viernes 22 de febrero, a las 20 h, en la Sala Portal del Pardo, tendr\u00e1 lugar la inauguraci\u00f3n de la exposici\u00f3n de cuadros de Claudia Salamonesco.<\/p>\n<p>Los cuadros presentados en esta exposici\u00f3n forman parte de una gran serie llamada Puzzles, que la artista empez\u00f3 hace m\u00e1s de quince a\u00f1os con la desaz\u00f3n de representar pl\u00e1sticamente la idea que aquello que consideramos la realidad s\u00f3lida y material que nos rodea es el resultado de lo que nuestros sentidos limitados nos transmiten y que quiz\u00e1s hay otra realidad escondida \u2013u otras muchas. En esta exposici\u00f3n se presentan los puzzles m\u00e1s recientes.<\/p>\n<p>La exposici\u00f3n de Claudia Salamonesco se podr\u00e1 visitar en la Sala Portal del Pardo hasta el domingo 24 de marzo, de martes a viernes de 17 h a 20 h, s\u00e1bados de 11 h a 14 h y de 17 h a 20 h, y domingos y festivos de 11 h a 14 h.<\/p>\n","protected":false},"excerpt":{"rendered":"<p>El pr\u00f3ximo viernes 22 de febrero, a las 20 h, en la Sala Portal del Pardo, tendr\u00e1 lugar la inauguraci\u00f3n de la exposici\u00f3n de cuadros de Claudia Salamonesco. Los cuadros presentados en esta exposici\u00f3n forman parte de una gran serie llamada Puzzles, que la artista empez\u00f3 hace m\u00e1s de quince a\u00f1os con la desaz\u00f3n de [&hellip;]<\/p>\n","protected":false},"author":1,"featured_media":22480,"comment_status":"open","ping_status":"closed","sticky":false,"template":"","format":"standard","meta":{"_acf_changed":false,"_et_pb_use_builder":"","_et_pb_old_content":"","_et_gb_content_width":"","content-type":"","footnotes":""},"categories":[],"tags":[],"dipi_cpt_category":[],"class_list":["post-24478","post","type-post","status-publish","format-standard","has-post-thumbnail","hentry"],"acf":[],"_links":{"self":[{"href":"https:\/\/www.elvendrellturisme.com\/es\/wp-json\/wp\/v2\/posts\/24478","targetHints":{"allow":["GET"]}}],"collection":[{"href":"https:\/\/www.elvendrellturisme.com\/es\/wp-json\/wp\/v2\/posts"}],"about":[{"href":"https:\/\/www.elvendrellturisme.com\/es\/wp-json\/wp\/v2\/types\/post"}],"author":[{"embeddable":true,"href":"https:\/\/www.elvendrellturisme.com\/es\/wp-json\/wp\/v2\/users\/1"}],"replies":[{"embeddable":true,"href":"https:\/\/www.elvendrellturisme.com\/es\/wp-json\/wp\/v2\/comments?post=24478"}],"version-history":[{"count":0,"href":"https:\/\/www.elvendrellturisme.com\/es\/wp-json\/wp\/v2\/posts\/24478\/revisions"}],"wp:featuredmedia":[{"embeddable":true,"href":"https:\/\/www.elvendrellturisme.com\/es\/wp-json\/wp\/v2\/media\/22480"}],"wp:attachment":[{"href":"https:\/\/www.elvendrellturisme.com\/es\/wp-json\/wp\/v2\/media?parent=24478"}],"wp:term":[{"taxonomy":"category","embeddable":true,"href":"https:\/\/www.elvendrellturisme.com\/es\/wp-json\/wp\/v2\/categories?post=24478"},{"taxonomy":"post_tag","embeddable":true,"href":"https:\/\/www.elvendrellturisme.com\/es\/wp-json\/wp\/v2\/tags?post=24478"},{"taxonomy":"dipi_cpt_category","embeddable":true,"href":"https:\/\/www.elvendrellturisme.com\/es\/wp-json\/wp\/v2\/dipi_cpt_category?post=24478"}],"curies":[{"name":"wp","href":"https:\/\/api.w.org\/{rel}","templated":true}]}}