{"id":24479,"date":"2013-02-25T09:44:53","date_gmt":"2013-02-25T09:44:53","guid":{"rendered":"http:\/\/tv.dms3labs.cat\/joan-font-dominador-de-la-tercera-edicion-de-la-social-baix-penedes\/"},"modified":"2013-02-25T09:44:53","modified_gmt":"2013-02-25T09:44:53","slug":"joan-font-dominador-de-la-tercera-edicion-de-la-social-baix-penedes","status":"publish","type":"post","link":"https:\/\/www.elvendrellturisme.com\/es\/joan-font-dominador-de-la-tercera-edicion-de-la-social-baix-penedes\/","title":{"rendered":"Joan Font, dominador de la tercera edici\u00f3n de la Social Baix Pened\u00e8s"},"content":{"rendered":"<p>Con una participaci\u00f3n de 149 corredores, la tercera Social Baix Pened\u00e8s fue nuevamente un \u00e9xito deportivo. La carrera, como de costumbre, transcurri\u00f3 con un fuerte ritmo.<\/p>\n<p>Este a\u00f1o la organizaci\u00f3n, por motivos de seguridad, cambi\u00f3 el sentido del recorrido: primero se hicieron dos vueltas de 20 km entre las poblaciones del Vendrell, la Bisbal del Pened\u00e8s, Lloren\u00e7 y El Vendrell, y despu\u00e9s una m\u00e1s amplia de 41 km, que pas\u00f3 por Maslloren\u00e7, la Joncosa del Montmell, la Bisbal del Pened\u00e8s, Lloren\u00e7 y El Vendrell, con llegada al centro del pueblo.<\/p>\n<p>Durante los primeros 40 km, hubo bastantes intentos de escapada, pero el recorrido f\u00e1cil, con pocas dificultades orogr\u00e1ficas, hizo que mayoritariamente se corriera en pelot\u00f3n.<\/p>\n<p>Ya en la tercera vuelta, que inclu\u00eda el premio de monta\u00f1a en Maslloren\u00e7, un grupo de unas siete unidades intent\u00f3 fragmentar el grueso del pelot\u00f3n. En este grupo, estuvo marcando el ritmo el corredor profesional del 2012 Jordi Sim\u00f3.<\/p>\n<p>El paso por la poblaci\u00f3n de la Joncosa del Montmell, que era el punto m\u00e1s alto de la carrera, se coron\u00f3 con un pelot\u00f3n de m\u00e1s de cincuenta unidades. Con una fuerte bajada y un ritmo alto, todo apuntaba desde entonces que la cosa se decidir\u00eda en el esprint final.<\/p>\n<p>Hubo alg\u00fan intento de romper el pelot\u00f3n para evitar que todo se definiera en el esprint, sobre todo a falta de 4 km, donde un corredor del equipo belga, Willebrord Wil Vooruit, consigui\u00f3 una ligera ventaja de s\u00f3lo 5 segundos. Faltando 2 km, este competidor fue absorbido nuevamente por los corredores del pelot\u00f3n.<\/p>\n<p>Por lo tanto, a la llegada, con una curva t\u00e9cnica justo 200 metros antes de la meta, Joan Font fue el m\u00e1s r\u00e1pido y consigui\u00f3 una vict\u00f2ri\u00e0 f\u00e1cil en el esprint.<\/p>\n<p>Un a\u00f1o m\u00e1s, la entrega de premios estuvo a cargo del regidor de Deportes, Sergi Teruel, y del presidente de la Pe\u00f1a Ciclista Baix Pened\u00e8s, Francesc Le\u00f3n. Antes de finalizar el acto, Teruel inform\u00f3 a los representantes de la Pe\u00f1a Ciclista de lo siguiente: &quot;El domingo 24 de marzo tendr\u00e1 lugar en nuestro municipio la salida de la pen\u00faltima etapa de la Vuelta Ciclista de Catalu\u00f1a. Este a\u00f1o este importante acontecimiento deportivo no tendr\u00e1 ning\u00fan coste para el municipio, puesto que los organizadores de la Vuelta Ciclista de Catalu\u00f1a han querido rendir un homenaje al Club de Deportes Vendrell con motivo de su centenario, puesto que la primera secci\u00f3n con la cual se estren\u00f3 este Club fue el ciclismo&quot;.<\/p>\n<p>Podio:<\/p>\n<p>1- Joan Font \u2013CKT Novatec- \u00c9lite- 1h 51 min. 12 seg. (media: 43,7 km\/h)<br \/>\n2- Xavier Pastall\u00e9 -Castillo Ondula- J\u00fanior- m. t.<br \/>\n3- Benjam\u00edn Prades -Coluer Bicycles- Sub-23- m. t.<\/p>\n<p>Clasificaci\u00f3n J\u00fanior:<br \/>\n1- Xavier Pastall\u00e9 -Castillo Ondula<br \/>\n2- Adri\u00e0 Guerrero -Tom\u00e0s Domingo<br \/>\n3- Aleix Hern\u00e0ndez -Santo Boi CC<\/p>\n<p>Clasificaci\u00f3n S\u00e9nior:<br \/>\n1- Julio Moa -AC Andorrana<br \/>\n2- Marc Cantenys -Biketraining CC<br \/>\n3- Marc Miguel -Miami Playa CC<\/p>\n<p>Clasificaci\u00f3n Sub-23:<br \/>\n1- Xavier Garcia -Coluer Bicycles<br \/>\n2- Jonatan Hinojosa -Controlpack<br \/>\n3- Cristian Astals -Reyno de Navarra<\/p>\n<p>Clasificaci\u00f3n \u00c9lite:<br \/>\n1- Joan Font -CKT Novatec<br \/>\n2- Benjam\u00edn Prades -Coluer Bicycles<br \/>\n3- V\u00edctor Iturat -Mutua Levante<\/p>\n<p>Clasificaci\u00f3n M\u00e1ster 30:<br \/>\n1- Guillem Casta\u00f1eda -Lizarran Reus<br \/>\n2- David P\u00faa -Megaelagas<br \/>\n3- Pasqual Mart\u00ednez -Murci\u00e9lago CC<\/p>\n<p>Clasificaci\u00f3n M\u00e1ster 40:<br \/>\n1- Jos\u00e9 Madrigal -Bebas CC<br \/>\n2- Josep Sol\u00e9 -Big<br \/>\nBikers 3- Joan Carles Marte -Lizarran Reus<\/p>\n<p>Clasificaci\u00f3n M\u00e1ster 50:<br \/>\n1- Federico Olmedillas -Galvesport<br \/>\n2- Algel Gandul -Galvesport CC<br \/>\n3- Juan S\u00e1nchez -Vilanova UC<\/p>\n<p>Clasificaci\u00f3n M\u00e1ster 60:<br \/>\n1- Antonio Terrones -Genesis Cycling Team<br \/>\n2- Crist\u00f3bal Maya -Galvesport<\/p>\n<p>Clasificaci\u00f3n Equipos:<br \/>\n1- Willebrord Wil Vooruit<br \/>\n2- Controlpack<br \/>\n3- Coluer Bicycles<\/p>\n","protected":false},"excerpt":{"rendered":"<p>Con una participaci\u00f3n de 149 corredores, la tercera Social Baix Pened\u00e8s fue nuevamente un \u00e9xito deportivo. La carrera, como de costumbre, transcurri\u00f3 con un fuerte ritmo. Este a\u00f1o la organizaci\u00f3n, por motivos de seguridad, cambi\u00f3 el sentido del recorrido: primero se hicieron dos vueltas de 20 km entre las poblaciones del Vendrell, la Bisbal del [&hellip;]<\/p>\n","protected":false},"author":1,"featured_media":22482,"comment_status":"open","ping_status":"closed","sticky":false,"template":"","format":"standard","meta":{"_acf_changed":false,"_et_pb_use_builder":"","_et_pb_old_content":"","_et_gb_content_width":"","content-type":"","footnotes":""},"categories":[],"tags":[],"dipi_cpt_category":[],"class_list":["post-24479","post","type-post","status-publish","format-standard","has-post-thumbnail","hentry"],"acf":[],"_links":{"self":[{"href":"https:\/\/www.elvendrellturisme.com\/es\/wp-json\/wp\/v2\/posts\/24479","targetHints":{"allow":["GET"]}}],"collection":[{"href":"https:\/\/www.elvendrellturisme.com\/es\/wp-json\/wp\/v2\/posts"}],"about":[{"href":"https:\/\/www.elvendrellturisme.com\/es\/wp-json\/wp\/v2\/types\/post"}],"author":[{"embeddable":true,"href":"https:\/\/www.elvendrellturisme.com\/es\/wp-json\/wp\/v2\/users\/1"}],"replies":[{"embeddable":true,"href":"https:\/\/www.elvendrellturisme.com\/es\/wp-json\/wp\/v2\/comments?post=24479"}],"version-history":[{"count":0,"href":"https:\/\/www.elvendrellturisme.com\/es\/wp-json\/wp\/v2\/posts\/24479\/revisions"}],"wp:featuredmedia":[{"embeddable":true,"href":"https:\/\/www.elvendrellturisme.com\/es\/wp-json\/wp\/v2\/media\/22482"}],"wp:attachment":[{"href":"https:\/\/www.elvendrellturisme.com\/es\/wp-json\/wp\/v2\/media?parent=24479"}],"wp:term":[{"taxonomy":"category","embeddable":true,"href":"https:\/\/www.elvendrellturisme.com\/es\/wp-json\/wp\/v2\/categories?post=24479"},{"taxonomy":"post_tag","embeddable":true,"href":"https:\/\/www.elvendrellturisme.com\/es\/wp-json\/wp\/v2\/tags?post=24479"},{"taxonomy":"dipi_cpt_category","embeddable":true,"href":"https:\/\/www.elvendrellturisme.com\/es\/wp-json\/wp\/v2\/dipi_cpt_category?post=24479"}],"curies":[{"name":"wp","href":"https:\/\/api.w.org\/{rel}","templated":true}]}}