{"id":24483,"date":"2013-02-27T14:22:21","date_gmt":"2013-02-27T14:22:21","guid":{"rendered":"http:\/\/tv.dms3labs.cat\/el-vendrell-sigue-haciendo-camino-el-dia-internacional-de-la-mujer\/"},"modified":"2013-02-27T14:22:21","modified_gmt":"2013-02-27T14:22:21","slug":"el-vendrell-sigue-haciendo-camino-el-dia-internacional-de-la-mujer","status":"publish","type":"post","link":"https:\/\/www.elvendrellturisme.com\/es\/el-vendrell-sigue-haciendo-camino-el-dia-internacional-de-la-mujer\/","title":{"rendered":"El Vendrell &quot;sigue haciendo camino&quot; el D\u00eda Internacional de la Mujer"},"content":{"rendered":"<p>El viernes 8 de marzo, D\u00eda Internacional de las Mujeres, llega nuevamente pleno de actividades al Vendrell. En esta ocasi\u00f3n, desde la organizaci\u00f3n se ha apostado por el lema &quot;Seguimos haciendo camino: mujeres que dejan impronta&quot;, para enlazar con la celebraci\u00f3n del a\u00f1o anterior bautizada &quot;Haciendo camino: un paseo literario por Vendrell&quot;.<\/p>\n<p>En esta ocasi\u00f3n, se llevar\u00e1n a cabo dos actos principales: por un lado, se har\u00e1 un recorrido por el pueblo con parada en lugares significativos, el cual se centrar\u00e1 en cuatro mujeres que han dejado su impronta en el Vendrell por diferentes motivos. Por otro lado, se har\u00e1 una representaci\u00f3n teatral en el Teatro Municipal \u00c0ngel Guimer\u00e0 (T\u00c0G).<\/p>\n<p>As\u00ed pues, el d\u00eda 8 de marzo a las 19 h se abrir\u00e1 la celebraci\u00f3n con el itinerario, que tiene como punto de partida la plaza de la Sardana, delante del Monumento a la Sardana, de Roser Oter. La primera mujer protagonista del acto ser\u00e1 Anna Serra. Anna Serra fue una persona muy implicada en el tejido asociativo de Vendrell, la cual impuls\u00f3 y colaborar\u00f3 en todo tipo de proyectos. A continuaci\u00f3n, el recorrido llevar\u00e1 a los participantes a la Casa nativa de Pau Casals, donde se tratar\u00e1 la figura hist\u00f3rica de Pilar Defill\u00f3, madre de Pau Casals. De la Casa nativa se llegar\u00e1 hasta la plazoleta de la calle Mayor, donde se hablar\u00e1 de Teresina Martorell, maestra vendrellenca. El circuito finalizar\u00e1 en la Fundaci\u00f3n Apel\u00b7les Fenosa, donde se hablar\u00e1 de Nicole Fenosa, musa y artista vinculada estrechamente al Vendrell. Una vez finalizado el acto se har\u00e1, en este \u00faltimo espacio, la lectura de la declaraci\u00f3n institucional.<\/p>\n<p>El segundo acto de esta jornada reivindicativa tendr\u00e1 lugar a partir de las 22 h al T\u00c0G. Se representar\u00e1 la obra La asamblea de las mujeres, del autor griego Arist\u00f2fanes. Es una comedia adaptada y dirigida por S\u00edlvia Basseda, y representada por integrantes de la Asociaci\u00f3n de Artes y Cultura de Coma-ruga. El precio para asistir ser\u00e1 de 3 euros. Las entradas del espect\u00e1culo (sesi\u00f3n sin numerar) se pueden adquirir a las asociaciones de mujeres del Vendrell y en las taquillas del teatro una hora antes de empezar la obra. Las plazas son limitadas seg\u00fan el aforo.<\/p>\n<p>Eva Moreno, regidora de Ciudadan\u00eda, hace un llamamiento a la participaci\u00f3n en actos tan se\u00f1alados como los del d\u00eda 8 de marzo. En este sentido, manifiesta que &quot;nuestra voluntad es que el D\u00eda Internacional de las Mujeres sea una fiesta participativa, pero tambi\u00e9n reivindicativa, que sirva para hacer justicia con el esfuerzo, el trabajo y la grandeza de las mujeres a lo largo de la historia y, en este caso, el papel destacado de estas cuatro mujeres que han dejado una importante impronta en nuestro pueblo&quot;.<\/p>\n<p>Desde la Regidur\u00eda de Ciudadan\u00eda se quiere hacer un agradecimiento especial a todos los grupos de mujeres del Vendrell y a la Asociaci\u00f3n de Artes y Cultura de Coma-ruga, por participar tan activamente en la organizaci\u00f3n de esta actividad.<\/p>\n","protected":false},"excerpt":{"rendered":"<p>El viernes 8 de marzo, D\u00eda Internacional de las Mujeres, llega nuevamente pleno de actividades al Vendrell. En esta ocasi\u00f3n, desde la organizaci\u00f3n se ha apostado por el lema &quot;Seguimos haciendo camino: mujeres que dejan impronta&quot;, para enlazar con la celebraci\u00f3n del a\u00f1o anterior bautizada &quot;Haciendo camino: un paseo literario por Vendrell&quot;. En esta ocasi\u00f3n, [&hellip;]<\/p>\n","protected":false},"author":1,"featured_media":22490,"comment_status":"open","ping_status":"closed","sticky":false,"template":"","format":"standard","meta":{"_acf_changed":false,"_et_pb_use_builder":"","_et_pb_old_content":"","_et_gb_content_width":"","content-type":"","footnotes":""},"categories":[],"tags":[],"dipi_cpt_category":[],"class_list":["post-24483","post","type-post","status-publish","format-standard","has-post-thumbnail","hentry"],"acf":[],"_links":{"self":[{"href":"https:\/\/www.elvendrellturisme.com\/es\/wp-json\/wp\/v2\/posts\/24483","targetHints":{"allow":["GET"]}}],"collection":[{"href":"https:\/\/www.elvendrellturisme.com\/es\/wp-json\/wp\/v2\/posts"}],"about":[{"href":"https:\/\/www.elvendrellturisme.com\/es\/wp-json\/wp\/v2\/types\/post"}],"author":[{"embeddable":true,"href":"https:\/\/www.elvendrellturisme.com\/es\/wp-json\/wp\/v2\/users\/1"}],"replies":[{"embeddable":true,"href":"https:\/\/www.elvendrellturisme.com\/es\/wp-json\/wp\/v2\/comments?post=24483"}],"version-history":[{"count":0,"href":"https:\/\/www.elvendrellturisme.com\/es\/wp-json\/wp\/v2\/posts\/24483\/revisions"}],"wp:featuredmedia":[{"embeddable":true,"href":"https:\/\/www.elvendrellturisme.com\/es\/wp-json\/wp\/v2\/media\/22490"}],"wp:attachment":[{"href":"https:\/\/www.elvendrellturisme.com\/es\/wp-json\/wp\/v2\/media?parent=24483"}],"wp:term":[{"taxonomy":"category","embeddable":true,"href":"https:\/\/www.elvendrellturisme.com\/es\/wp-json\/wp\/v2\/categories?post=24483"},{"taxonomy":"post_tag","embeddable":true,"href":"https:\/\/www.elvendrellturisme.com\/es\/wp-json\/wp\/v2\/tags?post=24483"},{"taxonomy":"dipi_cpt_category","embeddable":true,"href":"https:\/\/www.elvendrellturisme.com\/es\/wp-json\/wp\/v2\/dipi_cpt_category?post=24483"}],"curies":[{"name":"wp","href":"https:\/\/api.w.org\/{rel}","templated":true}]}}