{"id":24484,"date":"2013-02-28T08:50:00","date_gmt":"2013-02-28T08:50:00","guid":{"rendered":"http:\/\/tv.dms3labs.cat\/el-proximo-domingo-la-emmpac-inicia-la-24a-semana-musical\/"},"modified":"2013-02-28T08:50:00","modified_gmt":"2013-02-28T08:50:00","slug":"el-proximo-domingo-la-emmpac-inicia-la-24a-semana-musical","status":"publish","type":"post","link":"https:\/\/www.elvendrellturisme.com\/es\/el-proximo-domingo-la-emmpac-inicia-la-24a-semana-musical\/","title":{"rendered":"El pr\u00f3ximo domingo la EMMPAC inicia la 24a Semana Musical"},"content":{"rendered":"<p>Ayer por la ma\u00f1ana, en la Escuela Municipal de M\u00fasica Pau Casals (EMMPAC), se present\u00f3 la 24a Semana Musical, que se celebrar\u00e1 del 3 al 10 de marzo con conciertos, talleres, conferencias y visitas a museos, entre otros actividades.<\/p>\n<p>El regidor de Cultura, Albert Sol\u00e9, ha explicado que &quot;la Semana Musical naci\u00f3 con la idea que los alumnos pudieran salir de la Escuela de M\u00fasica para hacer sentir sus interpretaciones musicales en diferentes lugares del pueblo&quot;. Este a\u00f1o se presenta un programa muy extenso, del cual se pueden destacar el concierto del domingo a las 12 h en el Auditorio Pau Casals, a cargo de los alumnos seleccionados en la IV Muestra de Int\u00e9rpretes y de los premiados de la Beca Coh\u00ed Grau; el documental Conxita Bah\u00eda no existe, que se proyectar\u00e1 el mi\u00e9rcoles 6 de marzo a las 20 h en el Auditorio del EMMPAC, y los conciertos de alumnos en las residencias de la gente mayor del Vendrell. Sobre esta \u00faltima actividad, Albert Sol\u00e9 ha expresado que &quot;es una experiencia impresionante ver la comuni\u00f3n que se crea entre los j\u00f3venes int\u00e9rpretes y la gente mayor&quot;.<\/p>\n<p>La directora de la EMMPAC, Montse Meneses, ha explicado que este a\u00f1o la Semana Musical est\u00e1 dedicada a Pau Casals. En este sentido, Montse Meneses ha manifestado que &quot;nos sentimos herederos de todos los principios que el maestro Pau Casals proclam\u00f3 con su horquilla, su batuta, y tambi\u00e9n con su silencio. Queremos que nuestros alumnos conozcan la persona que revolucion\u00f3 la t\u00e9cnica del violonchelo buscando una interpretaci\u00f3n expresiva y profunda, y que se acerquen al hombre de paz, que luch\u00f3 enconadamente por la libertad del individuo y contra las injusticias sociales&quot;. La directora de la EMMPAC ha a\u00f1adido que durante toda la semana &quot;reivindicaremos que la m\u00fasica es imprescindible en la educaci\u00f3n y en la cultura de un pa\u00eds&quot;. Tambi\u00e9n ha querido hacer p\u00fablico un agradecimiento a todas las personas que hacen posible que esta Semana Musical se pueda celebrar sin ning\u00fan coste econ\u00f3mico: Albert Sol\u00e9, regidor de Cultura; N\u00faria Ballester, directora de la Villa Casals-Museo Pau Casals; Griselda Dalmau, gu\u00eda de la Casa nativa de Pau Casals; Jordi Dom\u00e8nech, compositor; el Bar Sol\u00e0, que ofrece la chocolatada del viernes; el Archivo Comarcal del Baix Pened\u00e8s, y alumnos, padres y profesores.<\/p>\n<p>Durante la Semana Musical, en todas las actividades se har\u00e1 una recogida voluntaria de dinero, la recaudaci\u00f3n total de la cual se dar\u00e1 a C\u00e0ritas del Vendrell para ayudar los que en estos momentos m\u00e1s lo necesitan.<\/p>\n<p>Por otro lado, tambi\u00e9n se ha presentado el IV ciclo de conferencias &quot;Aprende a escuchar m\u00fasica&quot; que tendr\u00e1n lugar los cuatro pr\u00f3ximos mi\u00e9rcoles y que incluye el documental sobre Conxita Bah\u00eda, dos sesiones sobre \u00f3pera a cargo de Albert Sol\u00e9 y la conferencia &quot;La historia de la m\u00fasica en 60 minutos&quot; a cargo de David Puertas. El precio para cada sesi\u00f3n es de 5 euros, excepto el documental del 6 de marzo que tendr\u00e1 entrada gratuita. Tambi\u00e9n se puede adquirir un abono para poder asistir a todas las sesiones por s\u00f3lo 12 euros. Para los alumnos del EMMPAC, el acceso a todas las sesiones es gratuito.<\/p>\n","protected":false},"excerpt":{"rendered":"<p>Ayer por la ma\u00f1ana, en la Escuela Municipal de M\u00fasica Pau Casals (EMMPAC), se present\u00f3 la 24a Semana Musical, que se celebrar\u00e1 del 3 al 10 de marzo con conciertos, talleres, conferencias y visitas a museos, entre otros actividades. El regidor de Cultura, Albert Sol\u00e9, ha explicado que &quot;la Semana Musical naci\u00f3 con la idea [&hellip;]<\/p>\n","protected":false},"author":1,"featured_media":22492,"comment_status":"open","ping_status":"closed","sticky":false,"template":"","format":"standard","meta":{"_acf_changed":false,"_et_pb_use_builder":"","_et_pb_old_content":"","_et_gb_content_width":"","content-type":"","footnotes":""},"categories":[],"tags":[],"dipi_cpt_category":[],"class_list":["post-24484","post","type-post","status-publish","format-standard","has-post-thumbnail","hentry"],"acf":[],"_links":{"self":[{"href":"https:\/\/www.elvendrellturisme.com\/es\/wp-json\/wp\/v2\/posts\/24484","targetHints":{"allow":["GET"]}}],"collection":[{"href":"https:\/\/www.elvendrellturisme.com\/es\/wp-json\/wp\/v2\/posts"}],"about":[{"href":"https:\/\/www.elvendrellturisme.com\/es\/wp-json\/wp\/v2\/types\/post"}],"author":[{"embeddable":true,"href":"https:\/\/www.elvendrellturisme.com\/es\/wp-json\/wp\/v2\/users\/1"}],"replies":[{"embeddable":true,"href":"https:\/\/www.elvendrellturisme.com\/es\/wp-json\/wp\/v2\/comments?post=24484"}],"version-history":[{"count":0,"href":"https:\/\/www.elvendrellturisme.com\/es\/wp-json\/wp\/v2\/posts\/24484\/revisions"}],"wp:featuredmedia":[{"embeddable":true,"href":"https:\/\/www.elvendrellturisme.com\/es\/wp-json\/wp\/v2\/media\/22492"}],"wp:attachment":[{"href":"https:\/\/www.elvendrellturisme.com\/es\/wp-json\/wp\/v2\/media?parent=24484"}],"wp:term":[{"taxonomy":"category","embeddable":true,"href":"https:\/\/www.elvendrellturisme.com\/es\/wp-json\/wp\/v2\/categories?post=24484"},{"taxonomy":"post_tag","embeddable":true,"href":"https:\/\/www.elvendrellturisme.com\/es\/wp-json\/wp\/v2\/tags?post=24484"},{"taxonomy":"dipi_cpt_category","embeddable":true,"href":"https:\/\/www.elvendrellturisme.com\/es\/wp-json\/wp\/v2\/dipi_cpt_category?post=24484"}],"curies":[{"name":"wp","href":"https:\/\/api.w.org\/{rel}","templated":true}]}}