{"id":24485,"date":"2013-03-05T09:27:36","date_gmt":"2013-03-05T09:27:36","guid":{"rendered":"http:\/\/tv.dms3labs.cat\/concierto-del-conjunto-de-violonchelos-grupcello-cat-en-el-auditori-del-emmpac\/"},"modified":"2013-03-05T09:27:36","modified_gmt":"2013-03-05T09:27:36","slug":"concierto-del-conjunto-de-violonchelos-grupcello-cat-en-el-auditori-del-emmpac","status":"publish","type":"post","link":"https:\/\/www.elvendrellturisme.com\/es\/concierto-del-conjunto-de-violonchelos-grupcello-cat-en-el-auditori-del-emmpac\/","title":{"rendered":"Concierto del conjunto de violonchelos Grupcello.cat en el Auditori del EMMPAC"},"content":{"rendered":"<p>El pr\u00f3ximo domingo 10 de marzo a las 18 h en el Auditorio de la Escuela Municipal de M\u00fasica Pau Casals (EMMPAC), el conjunto de violonchelos GRUPCELLO.CAT, dirigidos por Anna Mora, ofrecer\u00e1 un concierto dentro del Ciclo de Conciertos del EMMPAC del 2013.<\/p>\n<p>Este a\u00f1o han querido preparar un programa alrededor de Pau Casals y Joaquim Pena, con motivo de la edici\u00f3n del libro Pau Casals y Joaquim Pena. Pasi\u00f3n por la m\u00fasica y por el pa\u00eds. Correspondencia, al cuidado de Anna Dalmau, Anna Mora y Francesc Cort\u00e9s, en el cual se refleja la estrechada relaci\u00f3n que mantuvieron tanto en la creaci\u00f3n y gesti\u00f3n de la Orquesta Pau Casals c\u00f3mo personalmente. El libro ser\u00e1 presentado por los autores antes del concierto, a las 17.15 h, en el Auditorio peque\u00f1o del EMMPAC.<\/p>\n<p>El programa incluye obras de compositores interpretados por la Orquesta Pau Casals, como Bach, Mendelssohn o Debussy, y d\u00f3nde no faltar\u00e1n obras tan emblem\u00e1ticas como Santo Mart\u00ed del Canig\u00f3 o El canto de los p\u00e1jaros. Tambi\u00e9n han querido incluir una obra de Richard Wagner, en el bicentenario de su nacimiento, compositor admirado, estimado y traducido al catal\u00e1n por Joaquim Pena, y a la vez el primer autor que fue interpretado por la Orquesta.<\/p>\n","protected":false},"excerpt":{"rendered":"<p>El pr\u00f3ximo domingo 10 de marzo a las 18 h en el Auditorio de la Escuela Municipal de M\u00fasica Pau Casals (EMMPAC), el conjunto de violonchelos GRUPCELLO.CAT, dirigidos por Anna Mora, ofrecer\u00e1 un concierto dentro del Ciclo de Conciertos del EMMPAC del 2013. Este a\u00f1o han querido preparar un programa alrededor de Pau Casals y [&hellip;]<\/p>\n","protected":false},"author":1,"featured_media":22494,"comment_status":"open","ping_status":"closed","sticky":false,"template":"","format":"standard","meta":{"_acf_changed":false,"_et_pb_use_builder":"","_et_pb_old_content":"","_et_gb_content_width":"","content-type":"","footnotes":""},"categories":[],"tags":[],"dipi_cpt_category":[],"class_list":["post-24485","post","type-post","status-publish","format-standard","has-post-thumbnail","hentry"],"acf":[],"_links":{"self":[{"href":"https:\/\/www.elvendrellturisme.com\/es\/wp-json\/wp\/v2\/posts\/24485","targetHints":{"allow":["GET"]}}],"collection":[{"href":"https:\/\/www.elvendrellturisme.com\/es\/wp-json\/wp\/v2\/posts"}],"about":[{"href":"https:\/\/www.elvendrellturisme.com\/es\/wp-json\/wp\/v2\/types\/post"}],"author":[{"embeddable":true,"href":"https:\/\/www.elvendrellturisme.com\/es\/wp-json\/wp\/v2\/users\/1"}],"replies":[{"embeddable":true,"href":"https:\/\/www.elvendrellturisme.com\/es\/wp-json\/wp\/v2\/comments?post=24485"}],"version-history":[{"count":0,"href":"https:\/\/www.elvendrellturisme.com\/es\/wp-json\/wp\/v2\/posts\/24485\/revisions"}],"wp:featuredmedia":[{"embeddable":true,"href":"https:\/\/www.elvendrellturisme.com\/es\/wp-json\/wp\/v2\/media\/22494"}],"wp:attachment":[{"href":"https:\/\/www.elvendrellturisme.com\/es\/wp-json\/wp\/v2\/media?parent=24485"}],"wp:term":[{"taxonomy":"category","embeddable":true,"href":"https:\/\/www.elvendrellturisme.com\/es\/wp-json\/wp\/v2\/categories?post=24485"},{"taxonomy":"post_tag","embeddable":true,"href":"https:\/\/www.elvendrellturisme.com\/es\/wp-json\/wp\/v2\/tags?post=24485"},{"taxonomy":"dipi_cpt_category","embeddable":true,"href":"https:\/\/www.elvendrellturisme.com\/es\/wp-json\/wp\/v2\/dipi_cpt_category?post=24485"}],"curies":[{"name":"wp","href":"https:\/\/api.w.org\/{rel}","templated":true}]}}