{"id":24487,"date":"2013-03-05T13:46:37","date_gmt":"2013-03-05T13:46:37","guid":{"rendered":"http:\/\/tv.dms3labs.cat\/la-ruta-del-paisaje-de-los-genios-se-promociona-en-francia\/"},"modified":"2013-03-05T13:46:37","modified_gmt":"2013-03-05T13:46:37","slug":"la-ruta-del-paisaje-de-los-genios-se-promociona-en-francia","status":"publish","type":"post","link":"https:\/\/www.elvendrellturisme.com\/es\/la-ruta-del-paisaje-de-los-genios-se-promociona-en-francia\/","title":{"rendered":"La Ruta del Paisaje de los Genios se promociona en Francia"},"content":{"rendered":"<p>La Ruta del Paisaje de los Genios particip\u00f3 el jueves pasado en un taller celebrado en el Centro Pompidou (Par\u00eds), al cual asistieron una cuarentena de operadores tur\u00edsticos especializados en diferentes productos y una cincuentena de periodistas de la regi\u00f3n de la \u00cele-de-France.<\/p>\n<p>Despu\u00e9s de una selecci\u00f3n previa de los operadores m\u00e1s interesantes, durante la jornada se realiz\u00f3 una decena de reuniones durante las cuales se present\u00f3 la oferta de Costa Dorada y las Tierras del Ebro a trav\u00e9s de los paisajes que inspiraron Pablo Picasso (Horta de Sant Joan), Joan Mir\u00f3 (Mont-roig del Camp), Antoni Gaud\u00ed (Reus) y Pau Casals (El Vendrell). La receptividad fue muy buena y todos los operadores tur\u00edsticos mostraron un gran inter\u00e9s por el proyecto, en especial dos de los grandes operadores tur\u00edsticos culturales franceses, Arts et Vie i Interm\u00e8des, y uno de los principales operadores de turismo activo en Francia, Nomade Aventure.<\/p>\n<p>El taller fue organizado por la Agencia Catalana de Turismo, junto con la Oficina Espa\u00f1ola de Turismo en Par\u00eds y el Patronato de Turismo de la Costa Brava, con motivo de la exposici\u00f3n &quot;Dal\u00ed&quot; en el Centro Pompidou, presente hasta el pr\u00f3ximo 25 de marzo, y con el fin de captar el mercado franc\u00e9s.<br \/>\nEl mercado franc\u00e9s es el primer mercado emisor internacional de Catalu\u00f1a, con un 26,4% del total de turistas extranjeros (datos de enero a septiembre de 2012, seg\u00fan el Observatorio de Turismo, publicadas por la Agencia Catalana de Turismo en Francia). Asimismo, este mercado tiene, entre sus preferencias, los productos tur\u00edsticos m\u00e1s sostenibles y la busca de lugares aut\u00e9nticos y con personalidad. As\u00ed pues, la Ruta del Paisaje de los Genios, al ser un activo basado en el arte y la experiencia vital de los artistas, con un componente experiencial muy elevado, sintoniza con estas nuevas demandas de los turistas.<\/p>\n<p>En este sentido, se trata de una iniciativa para captar este mercado de proximidad, sobre todo del sur de Francia y de la regi\u00f3n de la \u00cele-de-France, con unos turistas que principalmente llegan al destino en veh\u00edculo propio y que hacen estancias cortas. Por esto, la Ruta del Paisaje de los Genios, que fundamenta su inter\u00e9s en valores culturales no clim\u00e1ticos, permite generar flujos de visitantes de cariz desestacionalitzador.<\/p>\n<p>Esta acci\u00f3n, promovida por la Oficina T\u00e9cnica del Paisaje de los Genios y el Patronato de Turismo de la Diputaci\u00f3n de Tarragona, junto con la Agencia Catalana de Turismo y la Oficina Espa\u00f1ola de Turismo en Par\u00eds, da continuidad a la l\u00ednea de atracci\u00f3n del mercado franc\u00e9s puesta en marcha con la organizaci\u00f3n de un viaje de prensa celebrado el pasado mes de octubre para presentar la Ruta del Paisaje de los Genios a periodistas franceses.<\/p>\n","protected":false},"excerpt":{"rendered":"<p>La Ruta del Paisaje de los Genios particip\u00f3 el jueves pasado en un taller celebrado en el Centro Pompidou (Par\u00eds), al cual asistieron una cuarentena de operadores tur\u00edsticos especializados en diferentes productos y una cincuentena de periodistas de la regi\u00f3n de la \u00cele-de-France. Despu\u00e9s de una selecci\u00f3n previa de los operadores m\u00e1s interesantes, durante la [&hellip;]<\/p>\n","protected":false},"author":1,"featured_media":22498,"comment_status":"open","ping_status":"closed","sticky":false,"template":"","format":"standard","meta":{"_acf_changed":false,"_et_pb_use_builder":"","_et_pb_old_content":"","_et_gb_content_width":"","content-type":"","footnotes":""},"categories":[],"tags":[],"dipi_cpt_category":[],"class_list":["post-24487","post","type-post","status-publish","format-standard","has-post-thumbnail","hentry"],"acf":[],"_links":{"self":[{"href":"https:\/\/www.elvendrellturisme.com\/es\/wp-json\/wp\/v2\/posts\/24487","targetHints":{"allow":["GET"]}}],"collection":[{"href":"https:\/\/www.elvendrellturisme.com\/es\/wp-json\/wp\/v2\/posts"}],"about":[{"href":"https:\/\/www.elvendrellturisme.com\/es\/wp-json\/wp\/v2\/types\/post"}],"author":[{"embeddable":true,"href":"https:\/\/www.elvendrellturisme.com\/es\/wp-json\/wp\/v2\/users\/1"}],"replies":[{"embeddable":true,"href":"https:\/\/www.elvendrellturisme.com\/es\/wp-json\/wp\/v2\/comments?post=24487"}],"version-history":[{"count":0,"href":"https:\/\/www.elvendrellturisme.com\/es\/wp-json\/wp\/v2\/posts\/24487\/revisions"}],"wp:featuredmedia":[{"embeddable":true,"href":"https:\/\/www.elvendrellturisme.com\/es\/wp-json\/wp\/v2\/media\/22498"}],"wp:attachment":[{"href":"https:\/\/www.elvendrellturisme.com\/es\/wp-json\/wp\/v2\/media?parent=24487"}],"wp:term":[{"taxonomy":"category","embeddable":true,"href":"https:\/\/www.elvendrellturisme.com\/es\/wp-json\/wp\/v2\/categories?post=24487"},{"taxonomy":"post_tag","embeddable":true,"href":"https:\/\/www.elvendrellturisme.com\/es\/wp-json\/wp\/v2\/tags?post=24487"},{"taxonomy":"dipi_cpt_category","embeddable":true,"href":"https:\/\/www.elvendrellturisme.com\/es\/wp-json\/wp\/v2\/dipi_cpt_category?post=24487"}],"curies":[{"name":"wp","href":"https:\/\/api.w.org\/{rel}","templated":true}]}}