{"id":24491,"date":"2013-03-12T14:09:16","date_gmt":"2013-03-12T14:09:16","guid":{"rendered":"http:\/\/tv.dms3labs.cat\/el-coro-zongora-participara-en-diversos-actos-que-se-celebraran-en-el-vendrell-i-en-calafell\/"},"modified":"2013-03-12T14:09:16","modified_gmt":"2013-03-12T14:09:16","slug":"el-coro-zongora-participara-en-diversos-actos-que-se-celebraran-en-el-vendrell-i-en-calafell","status":"publish","type":"post","link":"https:\/\/www.elvendrellturisme.com\/es\/el-coro-zongora-participara-en-diversos-actos-que-se-celebraran-en-el-vendrell-i-en-calafell\/","title":{"rendered":"El Coro Z\u00f3ngora participar\u00e1 en diversos actos que se celebrar\u00e1n en el Vendrell i en Calafell"},"content":{"rendered":"<p>El Coro Z\u00f3ngora de la Escuela Municipal de M\u00fasica Pau Casals (EMMPAC) del Vendrell participar\u00e1 este pr\u00f3ximo viernes 15 de marzo en la inauguraci\u00f3n de la exposici\u00f3n &quot;La colecci\u00f3n Apel\u00b7les Fenosa. Homenaje a Nicole Fenosa&quot;, en recuerdo de la esposa del escultor, que muri\u00f3 el pasado 13 de noviembre de 2012. El acto tendr\u00e1 lugar en la Fundaci\u00f3nApel\u00b7les Fenosa del Vendrell a las 7 de la tarde.<\/p>\n<p>Por otro lado, el s\u00e1bado 16 de marzo, a las once y media de la ma\u00f1ana, el Coro Z\u00f3ngora ofrecer\u00e1 un peque\u00f1o concierto en el Teatro Auditorio de Calafell como coro invitado en la III Muestra de Grupos del Baix Pened\u00e8s. Durante todo el d\u00eda se llevar\u00e1n a cabo conciertos, charlas y otras actividades para todos los asistentes. El Coro participar\u00e1 en la primera parte del acontecimiento.<\/p>\n","protected":false},"excerpt":{"rendered":"<p>El Coro Z\u00f3ngora de la Escuela Municipal de M\u00fasica Pau Casals (EMMPAC) del Vendrell participar\u00e1 este pr\u00f3ximo viernes 15 de marzo en la inauguraci\u00f3n de la exposici\u00f3n &quot;La colecci\u00f3n Apel\u00b7les Fenosa. Homenaje a Nicole Fenosa&quot;, en recuerdo de la esposa del escultor, que muri\u00f3 el pasado 13 de noviembre de 2012. El acto tendr\u00e1 lugar [&hellip;]<\/p>\n","protected":false},"author":1,"featured_media":22506,"comment_status":"open","ping_status":"closed","sticky":false,"template":"","format":"standard","meta":{"_acf_changed":false,"_et_pb_use_builder":"","_et_pb_old_content":"","_et_gb_content_width":"","content-type":"","footnotes":""},"categories":[],"tags":[],"dipi_cpt_category":[],"class_list":["post-24491","post","type-post","status-publish","format-standard","has-post-thumbnail","hentry"],"acf":[],"_links":{"self":[{"href":"https:\/\/www.elvendrellturisme.com\/es\/wp-json\/wp\/v2\/posts\/24491","targetHints":{"allow":["GET"]}}],"collection":[{"href":"https:\/\/www.elvendrellturisme.com\/es\/wp-json\/wp\/v2\/posts"}],"about":[{"href":"https:\/\/www.elvendrellturisme.com\/es\/wp-json\/wp\/v2\/types\/post"}],"author":[{"embeddable":true,"href":"https:\/\/www.elvendrellturisme.com\/es\/wp-json\/wp\/v2\/users\/1"}],"replies":[{"embeddable":true,"href":"https:\/\/www.elvendrellturisme.com\/es\/wp-json\/wp\/v2\/comments?post=24491"}],"version-history":[{"count":0,"href":"https:\/\/www.elvendrellturisme.com\/es\/wp-json\/wp\/v2\/posts\/24491\/revisions"}],"wp:featuredmedia":[{"embeddable":true,"href":"https:\/\/www.elvendrellturisme.com\/es\/wp-json\/wp\/v2\/media\/22506"}],"wp:attachment":[{"href":"https:\/\/www.elvendrellturisme.com\/es\/wp-json\/wp\/v2\/media?parent=24491"}],"wp:term":[{"taxonomy":"category","embeddable":true,"href":"https:\/\/www.elvendrellturisme.com\/es\/wp-json\/wp\/v2\/categories?post=24491"},{"taxonomy":"post_tag","embeddable":true,"href":"https:\/\/www.elvendrellturisme.com\/es\/wp-json\/wp\/v2\/tags?post=24491"},{"taxonomy":"dipi_cpt_category","embeddable":true,"href":"https:\/\/www.elvendrellturisme.com\/es\/wp-json\/wp\/v2\/dipi_cpt_category?post=24491"}],"curies":[{"name":"wp","href":"https:\/\/api.w.org\/{rel}","templated":true}]}}