{"id":24492,"date":"2013-03-15T09:25:07","date_gmt":"2013-03-15T09:25:07","guid":{"rendered":"http:\/\/tv.dms3labs.cat\/el-vendrell-acogel-la-coordinadora-de-colles-castelleres\/"},"modified":"2013-03-15T09:25:07","modified_gmt":"2013-03-15T09:25:07","slug":"el-vendrell-acogel-la-coordinadora-de-colles-castelleres","status":"publish","type":"post","link":"https:\/\/www.elvendrellturisme.com\/es\/el-vendrell-acogel-la-coordinadora-de-colles-castelleres\/","title":{"rendered":"El Vendrell acogel la Coordinadora de Colles Castelleres"},"content":{"rendered":"<p>El pasado martes por la tarde, en la sala de plenos del Ayuntamiento del Vendrell, se presentaron los actos de la Coordinadora de Colles Castelleres que tendr\u00e1n lugar el pr\u00f3ximo s\u00e1bado 16 de marzo en el Vendrell.<\/p>\n<p>A la presentaci\u00f3n asistieron Benet Jan\u00e9, alcalde del Vendrell, Mart\u00ed Carnicer, primer teniente de alcalde, Albert Sol\u00e9, regidor de Cultura, \u00c0ngels Turdiu, regidora de Turismo, Guillem Soler, gerente de la CCC, Montse Turdiu, en representaci\u00f3n de los Ni\u00f1os del Vendrell, y Alfons Morillas, creador de la ruta literaria castellera.<\/p>\n<p>En el siguiente documento, la Colla castellera Nens del Vendrell da m\u00e1s informaci\u00f3n sobre los actos que se desarrollar\u00e1n este pr\u00f3ximo s\u00e1bado.<\/p>\n","protected":false},"excerpt":{"rendered":"<p>El pasado martes por la tarde, en la sala de plenos del Ayuntamiento del Vendrell, se presentaron los actos de la Coordinadora de Colles Castelleres que tendr\u00e1n lugar el pr\u00f3ximo s\u00e1bado 16 de marzo en el Vendrell. A la presentaci\u00f3n asistieron Benet Jan\u00e9, alcalde del Vendrell, Mart\u00ed Carnicer, primer teniente de alcalde, Albert Sol\u00e9, regidor [&hellip;]<\/p>\n","protected":false},"author":1,"featured_media":22508,"comment_status":"open","ping_status":"closed","sticky":false,"template":"","format":"standard","meta":{"_acf_changed":false,"_et_pb_use_builder":"","_et_pb_old_content":"","_et_gb_content_width":"","content-type":"","footnotes":""},"categories":[],"tags":[],"dipi_cpt_category":[],"class_list":["post-24492","post","type-post","status-publish","format-standard","has-post-thumbnail","hentry"],"acf":[],"_links":{"self":[{"href":"https:\/\/www.elvendrellturisme.com\/es\/wp-json\/wp\/v2\/posts\/24492","targetHints":{"allow":["GET"]}}],"collection":[{"href":"https:\/\/www.elvendrellturisme.com\/es\/wp-json\/wp\/v2\/posts"}],"about":[{"href":"https:\/\/www.elvendrellturisme.com\/es\/wp-json\/wp\/v2\/types\/post"}],"author":[{"embeddable":true,"href":"https:\/\/www.elvendrellturisme.com\/es\/wp-json\/wp\/v2\/users\/1"}],"replies":[{"embeddable":true,"href":"https:\/\/www.elvendrellturisme.com\/es\/wp-json\/wp\/v2\/comments?post=24492"}],"version-history":[{"count":0,"href":"https:\/\/www.elvendrellturisme.com\/es\/wp-json\/wp\/v2\/posts\/24492\/revisions"}],"wp:featuredmedia":[{"embeddable":true,"href":"https:\/\/www.elvendrellturisme.com\/es\/wp-json\/wp\/v2\/media\/22508"}],"wp:attachment":[{"href":"https:\/\/www.elvendrellturisme.com\/es\/wp-json\/wp\/v2\/media?parent=24492"}],"wp:term":[{"taxonomy":"category","embeddable":true,"href":"https:\/\/www.elvendrellturisme.com\/es\/wp-json\/wp\/v2\/categories?post=24492"},{"taxonomy":"post_tag","embeddable":true,"href":"https:\/\/www.elvendrellturisme.com\/es\/wp-json\/wp\/v2\/tags?post=24492"},{"taxonomy":"dipi_cpt_category","embeddable":true,"href":"https:\/\/www.elvendrellturisme.com\/es\/wp-json\/wp\/v2\/dipi_cpt_category?post=24492"}],"curies":[{"name":"wp","href":"https:\/\/api.w.org\/{rel}","templated":true}]}}