{"id":24493,"date":"2013-03-15T09:40:34","date_gmt":"2013-03-15T09:40:34","guid":{"rendered":"http:\/\/tv.dms3labs.cat\/arranca-el-ciclo-de-jazz-en-el-auditorio\/"},"modified":"2013-03-15T09:40:34","modified_gmt":"2013-03-15T09:40:34","slug":"arranca-el-ciclo-de-jazz-en-el-auditorio","status":"publish","type":"post","link":"https:\/\/www.elvendrellturisme.com\/es\/arranca-el-ciclo-de-jazz-en-el-auditorio\/","title":{"rendered":"Arranca el Ciclo de Jazz en el Auditorio"},"content":{"rendered":"<p>La edici\u00f3n de este a\u00f1o, a pesar de sufrir una reducci\u00f3n importante del presupuesto por la coyuntura econ\u00f3mica actual, mantiene el objetivo establecido a\u00f1o tras a\u00f1o (y ya hace 13!) de hacer una programaci\u00f3n de calidad con artistas del mundo del jazz de primera l\u00ednea, ya sea del panorama jazz\u00edstico internacional como del pa\u00eds. Tambi\u00e9n pretende hacer de plataforma de lanzamiento de nuevas propuestas, tanto de grupos emergentes como de nuevos trabajos hechos por artistas ya consolidados.<\/p>\n<p>Los recursos econ\u00f3micos del Ciclo provienen en gran parte del presupuesto municipal, pero tambi\u00e9n del sector privado, que, a pesar de todo, ha renovado la confianza y mantiene sus contribuciones, como por ejemplo Caixa Pened\u00e8s-BMN y Projectes Tarraco. Asimismo, adem\u00e1s de estas inestimables aportaciones, hay otros como la de los Amics de l&#8217;Orgue, la Associaci\u00f3 Musical Pau Casals, la escola M\u00fasics del Vendrell, la Biblioteca P\u00fablica Terra Baixa y el Museu Deu.<\/p>\n<p>El concierto inaugural de este a\u00f1o ser\u00e1 el s\u00e1bado 16 de marzo a las 22 h en el Auditorio Pau Casals, con la actuaci\u00f3n del saxofonista norteamericano residente en Londres Jean Toussaint, con una formaci\u00f3n de cuarteto. Este m\u00fasico form\u00f3 parte, antes de tener su propia formaci\u00f3n, de los m\u00edticos Jazz Messengers, una banda liderada por el bater\u00eda tambi\u00e9n norteamericano Arte Blakley.<\/p>\n<p>El fin de semana siguiente, el s\u00e1bado 23 de marzo a la misma hora, la big-band de M\u00fasicos de Vendrell, de la mano de V\u00edctor Virgen, ofrecer\u00e1 un concierto acompa\u00f1ado del trombonista valenciano Toni Belenguer, quien, durante la tarde del mismo s\u00e1bado, protagonizar\u00e1 una clase magistral para big-band.<\/p>\n<p>Durante esta edici\u00f3n del Ciclo de Jazz en el Auditorio se har\u00e1n dos presentaciones de nuevos trabajos discogr\u00e1ficos. Por un lado, el 30 de marzo, la de una artista consolidada del panorama catal\u00e1n: la cantante de blues y jazz Big Mama Montse, que, para celebrar sus 25 a\u00f1os arriba del escenario, lo hace con un quinteto estelar, Taller de M\u00fasicos Ajo Stars, y con la presentaci\u00f3n de su nuevo trabajo, Big Mama Montse \u2013 25th anniversary &#038; Taller de M\u00fasicos Ajo Stars. Y de la otra, el s\u00e1bado 13 de marzo a las 22 h, la presentaci\u00f3n del CD Out for a While, grabado en el Auditorio Pau Casals de la mano de Bernat Font Elijo, premiado por la revista musical catalana Enderrock como mejor nueva propuesta 2011.<\/p>\n<p>Adem\u00e1s, el pr\u00f3ximo 6 de abril a las 22 h, en el escenario del Auditorio Pau Casals, actuar\u00e1 Tak!, un cuarteto de j\u00f3venes m\u00fasicos barceloneses que se va abriendo paso en el mundo del jazz.<\/p>\n<p>El Ciclo cierra con un doble concierto del prestigioso pianista Ignasi Terraza, ganador del premio internacional de Jacksonville (EE.UU.), pianista reconocido y ganador del premio al mejor disco de jazz 2011 por la revista Lecho. El d\u00eda 20 de abril Terraza ofrecer\u00e1 en el concierto de cierre su nuevo trabajo, esta vez en solitario, denominado Solo-IT. El d\u00eda anterior a este concierto, el 19 de abril a las 21 h, en la iglesia parroquial del Vendrell, ofrecer\u00e1 un concierto creado expresamente para el \u00f3rgano del Vendrell, y lo har\u00e1 acompa\u00f1ado del trompetista ingl\u00e9s Damon Brown.<\/p>\n<p>El Ciclo de Jazz, como se ha hecho en los \u00faltimos a\u00f1os, sale de las paredes del Auditorio Pau Casals para ir al centro del Vendrell, el que se denomina Jazz en el Vendrell. Adem\u00e1s del concierto que se hace en la iglesia parroquial, hay tres m\u00e1s y una clase magistral. El 22 de marzo a las 20.30 h, en la la Biblioteca P\u00fablica Terra Baixa, el trombonista Josep Tutusaus y su cuarteto Champagne Sparke presentar\u00e1n su nuevo trabajo llamado Introducing. El siguiente concierto ser\u00e1 el 5 de abril, tambi\u00e9n a las 20.30 h, pero en la escuela M\u00fasicos, en que actuar\u00e1 Berni-Cuadrada D\u00fao, piano y trompeta, que mostrar\u00e1 su \u00faltima grabaci\u00f3n llamada In Essence. El mismo trompetista Ramon Cuadrada ofrecer\u00e1, el 13 de abril en la escuela M\u00fasicos, una clase magistral de improvisaci\u00f3n con la tem\u00e1tica &quot;T\u00e9cnicas de creaci\u00f3n de lenguaje&quot;. Finalmente, el \u00faltimo concierto de Jazz en el Vendrell ser\u00e1 en el Museo Deu el 12 de abril a las 20.30 h, con la actuaci\u00f3n de Josep M. Dom\u00e8nech Elijo, acompa\u00f1ado del violinista Albert Carbonell. Esta formaci\u00f3n, que ya ha actuado en otros ediciones, presentar\u00e1 un concierto dedicado al cantautor Carlos Cano.<\/p>\n<p>En esta edici\u00f3n del Ciclo de Jazz en el Auditorio, se sigue manteniendo el precio de las entradas de los a\u00f1os anteriores y el abono de 30 \u20ac para los seis concierto que se hacen en el Auditorio Pau Casals.<\/p>\n<p>Para m\u00e1s informaci\u00f3n y compra de entradas para los conciertos del Ciclo de Jazz, consultar el espacio web www.auditoripaucasals.cat.<\/p>\n","protected":false},"excerpt":{"rendered":"<p>La edici\u00f3n de este a\u00f1o, a pesar de sufrir una reducci\u00f3n importante del presupuesto por la coyuntura econ\u00f3mica actual, mantiene el objetivo establecido a\u00f1o tras a\u00f1o (y ya hace 13!) de hacer una programaci\u00f3n de calidad con artistas del mundo del jazz de primera l\u00ednea, ya sea del panorama jazz\u00edstico internacional como del pa\u00eds. Tambi\u00e9n [&hellip;]<\/p>\n","protected":false},"author":1,"featured_media":22510,"comment_status":"open","ping_status":"closed","sticky":false,"template":"","format":"standard","meta":{"_acf_changed":false,"_et_pb_use_builder":"","_et_pb_old_content":"","_et_gb_content_width":"","content-type":"","footnotes":""},"categories":[],"tags":[],"dipi_cpt_category":[],"class_list":["post-24493","post","type-post","status-publish","format-standard","has-post-thumbnail","hentry"],"acf":[],"_links":{"self":[{"href":"https:\/\/www.elvendrellturisme.com\/es\/wp-json\/wp\/v2\/posts\/24493","targetHints":{"allow":["GET"]}}],"collection":[{"href":"https:\/\/www.elvendrellturisme.com\/es\/wp-json\/wp\/v2\/posts"}],"about":[{"href":"https:\/\/www.elvendrellturisme.com\/es\/wp-json\/wp\/v2\/types\/post"}],"author":[{"embeddable":true,"href":"https:\/\/www.elvendrellturisme.com\/es\/wp-json\/wp\/v2\/users\/1"}],"replies":[{"embeddable":true,"href":"https:\/\/www.elvendrellturisme.com\/es\/wp-json\/wp\/v2\/comments?post=24493"}],"version-history":[{"count":0,"href":"https:\/\/www.elvendrellturisme.com\/es\/wp-json\/wp\/v2\/posts\/24493\/revisions"}],"wp:featuredmedia":[{"embeddable":true,"href":"https:\/\/www.elvendrellturisme.com\/es\/wp-json\/wp\/v2\/media\/22510"}],"wp:attachment":[{"href":"https:\/\/www.elvendrellturisme.com\/es\/wp-json\/wp\/v2\/media?parent=24493"}],"wp:term":[{"taxonomy":"category","embeddable":true,"href":"https:\/\/www.elvendrellturisme.com\/es\/wp-json\/wp\/v2\/categories?post=24493"},{"taxonomy":"post_tag","embeddable":true,"href":"https:\/\/www.elvendrellturisme.com\/es\/wp-json\/wp\/v2\/tags?post=24493"},{"taxonomy":"dipi_cpt_category","embeddable":true,"href":"https:\/\/www.elvendrellturisme.com\/es\/wp-json\/wp\/v2\/dipi_cpt_category?post=24493"}],"curies":[{"name":"wp","href":"https:\/\/api.w.org\/{rel}","templated":true}]}}